{"id":11365,"date":"2025-02-06T14:01:35","date_gmt":"2025-02-06T17:01:35","guid":{"rendered":"https:\/\/partediario.com.ar\/?p=11365"},"modified":"2025-02-07T19:18:04","modified_gmt":"2025-02-07T22:18:04","slug":"milei-denunciara-al-titular-de-la-oms-por-delitos-de-lesa-humanidad","status":"publish","type":"post","link":"https:\/\/partediario.com.ar\/?p=11365","title":{"rendered":"Milei denunciar\u00e1 al titular de la OMS \u201cpor delitos de lesa humanidad\u201d"},"content":{"rendered":"\n<h2 class=\"wp-block-heading\">El presidente Javier Milei denunciar\u00e1 ante la Corte Penal Internacional al director de la Organizaci\u00f3n Mundial de la Salud (OMS), Tedros Adhanom Ghebreyesus, \u201cpor delitos de lesa humanidad\u201d llevados adelante durante los a\u00f1os en los que se decret\u00f3 la pandemia (2020\u20132023).<\/h2>\n\n\n\n<p>Seg\u00fan trascendi\u00f3, el mandatario argentino considera que al aplicar la cuarentena como m\u00e9todo de prevenci\u00f3n en la propagaci\u00f3n del virus Covid\u2013 19, el titular de la OMS someti\u00f3 a \u201cdelitos de esclavitud\u201d y \u201cactos inhumanos\u201d a los ciudadanos de todo el mundo.<\/p>\n\n\n\n<p>La medida se da despu\u00e9s que el Gobierno Nacional, en la habitual conferencia de prensa que brinda el vocero presidencial Manuel Adorni, confirmara que Argentina ya no participar\u00eda en la organizaci\u00f3n, poni\u00e9ndose en l\u00ednea que el presidente estadounidense Donald Trump, quien d\u00edas atr\u00e1s comunic\u00f3 la retirada de su pa\u00eds de dicha entidad, aunque inicialmente se informar\u00e1 sobre la relaci\u00f3n entre la entidad y los Estados Unidos, tiempo que demorar\u00e1 90 d\u00edas.<\/p>\n\n\n\n<p>La denuncia de Milei a Ghebreyesus est\u00e1 emparentada adem\u00e1s, con las declaraciones que realiz\u00f3 sobre la OMS al calificar a sus miembros como \u201cide\u00f3logos de la cuarentena m\u00e1s cavern\u00edcola\u201d.<\/p>\n\n\n\n<p>\u201cHay profundas diferencias respecto a la gesti\u00f3n sanitaria que hubo durante la pandemia. Junto al gobierno de Alberto Fern\u00e1ndez nos llevaron al encierro m\u00e1s largo de la historia de la humanidad y a la falta de independencia frente a la influencia pol\u00edtica de algunos estados. Los argentinos no vamos a permitir que un organismo internacional intervenga en nuestra soberan\u00eda, mucho menos en nuestra salud\u00bb, se\u00f1al\u00f3 el vocero presidencial.<\/p>\n\n\n\n<p>Ghebreyesus es investigador especializado en sanidad p\u00fablica y, desde 2017, es el director general de la OMS. Posteriormente fue ministro de Salud y de Relaciones Exteriores de Etiop\u00eda, de donde es originario.<\/p>\n\n\n\n<p>Tambi\u00e9n fue investigador sobre enfermedades como la malaria (paludismo), tiene un doctorado en salud comunitaria y fue miembro titular de The Global Fund, una organizaci\u00f3n que tiene como objeto recaudar fondos destinados a la lucha contra el sida, la malaria y la tuberculosis.<\/p>\n","protected":false},"excerpt":{"rendered":"<p>El presidente Javier Milei denunciar&aacute; ante la Corte Penal Internacional al director de la Organizaci&oacute;n Mundial de la Salud (OMS), Tedros Adhanom Ghebreyesus, &ldquo;por delitos de lesa humanidad&rdquo; llevados adelante durante los a&ntilde;os en los que se decret&oacute; la pandemia (2020&ndash;2023). Seg&uacute;n trascendi&oacute;, el mandatario argentino considera que al aplicar la cuarentena como m&eacute;todo de [&hellip;]<\/p>\n","protected":false},"author":2,"featured_media":11366,"comment_status":"open","ping_status":"open","sticky":false,"template":"","format":"standard","meta":{"footnotes":""},"categories":[9,176],"tags":[812,232,1528,5234],"class_list":["post-11365","post","type-post","status-publish","format-standard","has-post-thumbnail","hentry","category-internacionales","category-politica","tag-denuncia","tag-javier-milei","tag-oms","tag-tedros-adhanom-ghebreyesus"],"_links":{"self":[{"href":"https:\/\/partediario.com.ar\/index.php?rest_route=\/wp\/v2\/posts\/11365","targetHints":{"allow":["GET"]}}],"collection":[{"href":"https:\/\/partediario.com.ar\/index.php?rest_route=\/wp\/v2\/posts"}],"about":[{"href":"https:\/\/partediario.com.ar\/index.php?rest_route=\/wp\/v2\/types\/post"}],"author":[{"embeddable":true,"href":"https:\/\/partediario.com.ar\/index.php?rest_route=\/wp\/v2\/users\/2"}],"replies":[{"embeddable":true,"href":"https:\/\/partediario.com.ar\/index.php?rest_route=%2Fwp%2Fv2%2Fcomments&post=11365"}],"version-history":[{"count":1,"href":"https:\/\/partediario.com.ar\/index.php?rest_route=\/wp\/v2\/posts\/11365\/revisions"}],"predecessor-version":[{"id":11367,"href":"https:\/\/partediario.com.ar\/index.php?rest_route=\/wp\/v2\/posts\/11365\/revisions\/11367"}],"wp:featuredmedia":[{"embeddable":true,"href":"https:\/\/partediario.com.ar\/index.php?rest_route=\/wp\/v2\/media\/11366"}],"wp:attachment":[{"href":"https:\/\/partediario.com.ar\/index.php?rest_route=%2Fwp%2Fv2%2Fmedia&parent=11365"}],"wp:term":[{"taxonomy":"category","embeddable":true,"href":"https:\/\/partediario.com.ar\/index.php?rest_route=%2Fwp%2Fv2%2Fcategories&post=11365"},{"taxonomy":"post_tag","embeddable":true,"href":"https:\/\/partediario.com.ar\/index.php?rest_route=%2Fwp%2Fv2%2Ftags&post=11365"}],"curies":[{"name":"wp","href":"https:\/\/api.w.org\/{rel}","templated":true}]}}