{"id":11389,"date":"2025-02-07T18:51:13","date_gmt":"2025-02-07T21:51:13","guid":{"rendered":"https:\/\/partediario.com.ar\/?p=11389"},"modified":"2025-02-09T18:06:18","modified_gmt":"2025-02-09T21:06:18","slug":"lo-que-se-sabe-sobre-la-ventana-tapiada-de-la-casa-rosada","status":"publish","type":"post","link":"https:\/\/partediario.com.ar\/?p=11389","title":{"rendered":"Lo que se sabe sobre la ventana tapiada de la Casa Rosada"},"content":{"rendered":"\n<h2 class=\"wp-block-heading\">En las \u00faltimas horas, se viraliz\u00f3 una imagen de la Casa Rosada y gener\u00f3 especulaciones en redes sociales. Se trata de las ventanas tapiadas en los entrepa\u00f1os menores del frente sur del edificio, un detalle que pas\u00f3 desapercibido durante a\u00f1os, pero que ahora llam\u00f3 la atenci\u00f3n de miles de usuarios.<\/h2>\n\n\n\n<p><strong>El usuario de X @Leo_Lapo_ fue quien sac\u00f3 a la luz el tema y explic\u00f3 su posible origen:<\/strong><\/p>\n\n\n\n<p><\/p>\n\n\n\n<blockquote class=\"twitter-tweet\"><p lang=\"es\" dir=\"ltr\">Nobleza obliga: los 2 entrepa\u00f1os menores del frente sur de la casa rosada tienen 6 falsas ventanas cada uno, por alguna razon, en vez de ser falsas ventanas tradicionales son literalmente ventanas tapiadas. <a href=\"https:\/\/t.co\/K0ngprhsE0\">pic.twitter.com\/K0ngprhsE0<\/a><\/p>&mdash; Lapo (@Leo_Lapo_) <a href=\"https:\/\/twitter.com\/Leo_Lapo_\/status\/1887472902766829628?ref_src=twsrc%5Etfw\">February 6, 2025<\/a><\/blockquote> <script async src=\"https:\/\/platform.twitter.com\/widgets.js\" charset=\"utf-8\"><\/script>\n\n\n\n<p><\/p>\n\n\n\n<blockquote class=\"twitter-tweet\"><p lang=\"es\" dir=\"ltr\">Los dos entrepa\u00f1os responden a dos patios; el primero es el de malvinas y el segundo, de donde es esta ventana, el patio del aljibe (macri lo destruy\u00f3 y arruin\u00f3 para siempre) es posible que el viento haya abierto los postigos que deberian estar fijos. <a href=\"https:\/\/t.co\/EJd66YQVzs\">pic.twitter.com\/EJd66YQVzs<\/a><\/p>&mdash; Lapo (@Leo_Lapo_) <a href=\"https:\/\/twitter.com\/Leo_Lapo_\/status\/1887472910702354635?ref_src=twsrc%5Etfw\">February 6, 2025<\/a><\/blockquote> <script async src=\"https:\/\/platform.twitter.com\/widgets.js\" charset=\"utf-8\"><\/script>\n\n\n\n<p><\/p>\n\n\n\n<p>En otro posteo, a\u00f1adi\u00f3 que estos entrepa\u00f1os corresponden a dos patios internos de la Casa de Gobierno: el Patio Malvinas y el Patio del Aljibe. Sobre este \u00faltimo, hizo una fuerte acusaci\u00f3n contra el expresidente Mauricio Macri.<\/p>\n\n\n\n<p>\u00abLos dos entrepa\u00f1os responden a dos patios; el primero es el de Malvinas y el segundo, de donde es esta ventana, el patio del aljibe (Macri lo destruy\u00f3 y arruin\u00f3 para siempre). Es posible que el viento haya abierto los postigos que deber\u00edan estar fijos\u201d, explic\u00f3.<\/p>\n\n\n\n<p class=\"has-medium-font-size\"><strong>Las reformas en la Casa Rosada<\/strong><\/p>\n\n\n\n<p>La Casa Rosada ha sido objeto de modificaciones a lo largo del tiempo, seg\u00fan las decisiones de cada gobierno. Durante la gesti\u00f3n de Mauricio Macri, el despacho presidencial fue modificado bajo la idea de que no era un espacio funcional para el trabajo, sino un museo.<\/p>\n\n\n\n<p>Durante su administraci\u00f3n, se retiraron los cuadros de Manuel Belgrano, Jos\u00e9 de San Mart\u00edn y otros pr\u00f3ceres, que fueron enviados al museo de la Casa de Gobierno. En su lugar, se colocaron fotograf\u00edas de la ciudad de Buenos Aires y obras de arte contempor\u00e1neo. Adem\u00e1s se limpiaron techos anexos y se cambiaron las luminarias externas.<\/p>\n\n\n\n<p>El gobierno de Alberto Fern\u00e1ndez retom\u00f3 el \u00abMaster Plan\u00bb, que incluy\u00f3 la restauraci\u00f3n de los despachos hist\u00f3ricos. As\u00ed, los cuadros de los Patriotas Latinoamericanos volvieron a su lugar original, al igual que las pinturas de Belgrano y San Mart\u00edn.<\/p>\n\n\n\n<p>El hallazgo de @Leo_Lapo_ no solo gener\u00f3 curiosidad, sino que adem\u00e1s gener\u00f3 en una reflexi\u00f3n pol\u00edtica:<\/p>\n\n\n\n<p>\u00abTengo una cantidad de informaci\u00f3n completamente innecesaria sobre la Casa Rosada, pero esto demuestra una cosa: si sab\u00e9s mucho de algo, no te pueden venir a cagar. Ojal\u00e1 m\u00e1s gente supiera sobre la Constituci\u00f3n y no hubiera votado este gobierno\u201d, apunt\u00f3 el usuario en referencia a la actual administraci\u00f3n.<\/p>\n","protected":false},"excerpt":{"rendered":"<p>En las &uacute;ltimas horas, se viraliz&oacute; una imagen de la Casa Rosada y gener&oacute; especulaciones en redes sociales. Se trata de las ventanas tapiadas en los entrepa&ntilde;os menores del frente sur del edificio, un detalle que pas&oacute; desapercibido durante a&ntilde;os, pero que ahora llam&oacute; la atenci&oacute;n de miles de usuarios. El usuario de X @Leo_Lapo_ [&hellip;]<\/p>\n","protected":false},"author":2,"featured_media":11390,"comment_status":"open","ping_status":"open","sticky":false,"template":"","format":"standard","meta":{"footnotes":""},"categories":[176,726],"tags":[1853,5247,4121],"class_list":["post-11389","post","type-post","status-publish","format-standard","has-post-thumbnail","hentry","category-politica","category-sociedad","tag-casa-rosada","tag-tapiada","tag-ventana"],"_links":{"self":[{"href":"https:\/\/partediario.com.ar\/index.php?rest_route=\/wp\/v2\/posts\/11389","targetHints":{"allow":["GET"]}}],"collection":[{"href":"https:\/\/partediario.com.ar\/index.php?rest_route=\/wp\/v2\/posts"}],"about":[{"href":"https:\/\/partediario.com.ar\/index.php?rest_route=\/wp\/v2\/types\/post"}],"author":[{"embeddable":true,"href":"https:\/\/partediario.com.ar\/index.php?rest_route=\/wp\/v2\/users\/2"}],"replies":[{"embeddable":true,"href":"https:\/\/partediario.com.ar\/index.php?rest_route=%2Fwp%2Fv2%2Fcomments&post=11389"}],"version-history":[{"count":1,"href":"https:\/\/partediario.com.ar\/index.php?rest_route=\/wp\/v2\/posts\/11389\/revisions"}],"predecessor-version":[{"id":11391,"href":"https:\/\/partediario.com.ar\/index.php?rest_route=\/wp\/v2\/posts\/11389\/revisions\/11391"}],"wp:featuredmedia":[{"embeddable":true,"href":"https:\/\/partediario.com.ar\/index.php?rest_route=\/wp\/v2\/media\/11390"}],"wp:attachment":[{"href":"https:\/\/partediario.com.ar\/index.php?rest_route=%2Fwp%2Fv2%2Fmedia&parent=11389"}],"wp:term":[{"taxonomy":"category","embeddable":true,"href":"https:\/\/partediario.com.ar\/index.php?rest_route=%2Fwp%2Fv2%2Fcategories&post=11389"},{"taxonomy":"post_tag","embeddable":true,"href":"https:\/\/partediario.com.ar\/index.php?rest_route=%2Fwp%2Fv2%2Ftags&post=11389"}],"curies":[{"name":"wp","href":"https:\/\/api.w.org\/{rel}","templated":true}]}}