{"id":11396,"date":"2025-02-07T19:09:40","date_gmt":"2025-02-07T22:09:40","guid":{"rendered":"https:\/\/partediario.com.ar\/?p=11396"},"modified":"2025-02-07T19:09:40","modified_gmt":"2025-02-07T22:09:40","slug":"tragedia-en-campana-cuatro-nenes-murieron-tras-el-incendio-de-una-casa","status":"publish","type":"post","link":"https:\/\/partediario.com.ar\/?p=11396","title":{"rendered":"Tragedia en Campana: cuatro nenes murieron tras el incendio de una casa"},"content":{"rendered":"\n<h2 class=\"wp-block-heading\">Al menos cuatro nenes murieron tras el incendio de una casa en el partido bonaerense de Campana.<\/h2>\n\n\n\n<p>De acuerdo a informaci\u00f3n brindada por medios locales, el fuego se habr\u00eda iniciado en la cocina de la vivienda cuando la madre preparaba la comida, quien sali\u00f3 en busca de ayuda y al regresar sus hijos ya estaban fallecidos.<\/p>\n\n\n\n<p>Se trata de dos varones y dos ni\u00f1as de 8, 7, 4 y 2 a\u00f1os respectivamente, los cuerpos de las v\u00edctimas fueron trasladados por la Polic\u00eda Cient\u00edfica.<\/p>\n\n\n\n<p>Mientras que la madre fue trasladada al Hospital San Jos\u00e9 como consecuencia de las graves quemaduras sufridas y el foco \u00edgneo fue contenido por los bomberos.<\/p>\n\n\n\n<p>Al ingresar al domicilio, los brigadistas hallaron a los damnificados en la cama, abrazados y fallecidos, al tiempo que los peritajes preliminares indicaron que la causa del deceso fue inhalaci\u00f3n por mon\u00f3xido de carbono, debido a que los cad\u00e1veres no mostraban signos de quemaduras.<\/p>\n\n\n\n<p>Dos dotaciones de bomberos, ambulancias del SAME y efectivos del Comando Patrulla concurrieron a la finca situada en la calle Maip\u00fa al 400.<\/p>\n\n\n\n<p>Un bombero voluntario se intoxic\u00f3 con mon\u00f3xido de carbono luego de ingresar a la casa sin m\u00e1scara en su desesperado intento por rescatar a los menores.<\/p>\n\n\n\n<p>Los peritos realizaban los an\u00e1lisis pertinentes para esclarecer las circunstancias del siniestro, mientras que el intendente Sebasti\u00e1n Abella declar\u00f3 d\u00eda de luto y cancel\u00f3 todas las actividades previstas para este viernes y el fin de semana.<\/p>\n","protected":false},"excerpt":{"rendered":"<p>Al menos cuatro nenes murieron tras el incendio de una casa en el partido bonaerense de Campana. De acuerdo a informaci&oacute;n brindada por medios locales, el fuego se habr&iacute;a iniciado en la cocina de la vivienda cuando la madre preparaba la comida, quien sali&oacute; en busca de ayuda y al regresar sus hijos ya estaban [&hellip;]<\/p>\n","protected":false},"author":2,"featured_media":11397,"comment_status":"open","ping_status":"open","sticky":false,"template":"","format":"standard","meta":{"footnotes":""},"categories":[5,7],"tags":[705,5249,456,683,1010],"class_list":["post-11396","post","type-post","status-publish","format-standard","has-post-thumbnail","hentry","category-nacionales","category-policiales","tag-campana","tag-cuatro","tag-incendio","tag-muertos","tag-ninos"],"_links":{"self":[{"href":"https:\/\/partediario.com.ar\/index.php?rest_route=\/wp\/v2\/posts\/11396","targetHints":{"allow":["GET"]}}],"collection":[{"href":"https:\/\/partediario.com.ar\/index.php?rest_route=\/wp\/v2\/posts"}],"about":[{"href":"https:\/\/partediario.com.ar\/index.php?rest_route=\/wp\/v2\/types\/post"}],"author":[{"embeddable":true,"href":"https:\/\/partediario.com.ar\/index.php?rest_route=\/wp\/v2\/users\/2"}],"replies":[{"embeddable":true,"href":"https:\/\/partediario.com.ar\/index.php?rest_route=%2Fwp%2Fv2%2Fcomments&post=11396"}],"version-history":[{"count":1,"href":"https:\/\/partediario.com.ar\/index.php?rest_route=\/wp\/v2\/posts\/11396\/revisions"}],"predecessor-version":[{"id":11398,"href":"https:\/\/partediario.com.ar\/index.php?rest_route=\/wp\/v2\/posts\/11396\/revisions\/11398"}],"wp:featuredmedia":[{"embeddable":true,"href":"https:\/\/partediario.com.ar\/index.php?rest_route=\/wp\/v2\/media\/11397"}],"wp:attachment":[{"href":"https:\/\/partediario.com.ar\/index.php?rest_route=%2Fwp%2Fv2%2Fmedia&parent=11396"}],"wp:term":[{"taxonomy":"category","embeddable":true,"href":"https:\/\/partediario.com.ar\/index.php?rest_route=%2Fwp%2Fv2%2Fcategories&post=11396"},{"taxonomy":"post_tag","embeddable":true,"href":"https:\/\/partediario.com.ar\/index.php?rest_route=%2Fwp%2Fv2%2Ftags&post=11396"}],"curies":[{"name":"wp","href":"https:\/\/api.w.org\/{rel}","templated":true}]}}