{"id":11403,"date":"2025-02-08T10:32:25","date_gmt":"2025-02-08T13:32:25","guid":{"rendered":"https:\/\/partediario.com.ar\/?p=11403"},"modified":"2025-02-09T18:05:51","modified_gmt":"2025-02-09T21:05:51","slug":"una-low-cost-unira-buenos-aires-con-una-importante-ciudad-patagonica-por-34-600","status":"publish","type":"post","link":"https:\/\/partediario.com.ar\/?p=11403","title":{"rendered":"Una low-cost unir\u00e1 Buenos Aires con una importante ciudad patag\u00f3nica por $34.600"},"content":{"rendered":"\n<h2 class=\"wp-block-heading\">Se trata de un nuevo vuelo de JetSMART que operar\u00e1 desde el pr\u00f3ximo mes de abril con cinco frecuencias semanales. La novedad fue anunciada este jueves en el marco de un encuentro que mantuvo el mandatario de manera virtual con representantes de la compa\u00f1\u00eda a\u00e9rea low cost. \u201cEstamos trabajando junto al sector privado para garantizar una conectividad m\u00e1s inclusiva e integrar a Chubut con el resto del pa\u00eds\u201d, se\u00f1al\u00f3.<\/h2>\n\n\n\n<p>En el marco de un intenso plan de conectividad que impulsa el Ejecutivo chubutense para seguir posicionando a la provincia como destino estrat\u00e9gico en la regi\u00f3n patag\u00f3nica; el gobernador Ignacio \u201cNacho\u201d Torres anunci\u00f3 oficialmente este jueves la llegada de un nuevo vuelo de la empresa a\u00e9rea JetSMART a Chubut.<\/p>\n\n\n\n<p>La presentaci\u00f3n se dio en el marco de un encuentro virtual entre el mandatario y representantes de la aerol\u00ednea l\u00edder en el marcado de las low cost. Se trata, concretamente, de una nueva ruta a\u00e9rea que unir\u00e1 a Trelew con la ciudad de Buenos Aires y que se suma a otras frecuencias gestionadas por el propio gobernador para potenciar el turismo nacional e internacional, promover el comercio y fortalecer las industrias chubutenses.<\/p>\n\n\n\n<p>Durante la reuni\u00f3n estuvieron presentes, tambi\u00e9n el secretario de Turismo, Ambiente y Deportes de la Naci\u00f3n, Daniel Scioli; el intendente de Trelew, Gerardo Merino; el gobernador de Chaco, Leandro Zdero; referentes del Ministerio de Turismo y \u00c1reas Protegidas de la provincia y representantes de la empresa JetSMART, entre otras autoridades.<\/p>\n\n\n\n<p class=\"has-medium-font-size\"><strong>Plan de conectividad<\/strong><\/p>\n\n\n\n<p>Durante el encuentro, Torres puso en valor el anuncio efectuado por la aerol\u00ednea como un paso clave para potenciar el turismo, la econom\u00eda y la integraci\u00f3n de nuestro territorio con el resto del pa\u00eds. \u201cNo recuerdo un trabajo tan serio, fluido e inteligente como el que se est\u00e1 llevando adelante desde los \u00faltimos meses entre el sector privado, el gobierno provincial y el \u00e1rea de Turismo de Naci\u00f3n\u201d, subray\u00f3.<\/p>\n\n\n\n<p>El gobernador se\u00f1al\u00f3 en esa l\u00ednea que \u201cestamos hablando de una tarifa de 34.600 pesos que es por dem\u00e1s competitiva y que le dar\u00e1 la posibilidad a un mont\u00f3n de gente de nuestra provincia poder llegar a Buenos Aires, cuando de otra manera no pod\u00edan permit\u00edrselo\u201d.<\/p>\n\n\n\n<p>En ese contexto, el titular del Ejecutivo chubutense destac\u00f3 que esta nueva frecuencia a\u00e9rea y la recientemente restituida entre Buenos Aires y Comodoro Rivadavia se encuadra en un importante plan de conectividad \u201cm\u00e1s inclusivo y accesible, orientado a fortalecer nuestra econom\u00eda y ser mucho m\u00e1s competitivos para el crecimiento y desarrollo de nuestra provincia y toda la regi\u00f3n\u201d.<\/p>\n\n\n\n<p>En esa l\u00ednea, el mandatario destac\u00f3 que desde el Gobierno Provincial se gestiona para incorporar nuevas rutas a\u00e9reas en otros puntos estrat\u00e9gicos de Chubut, como es el caso de Esquel y Puerto Madryn; y agradeci\u00f3 la predisposici\u00f3n de la empresa y del equipo de Turismo que encabeza Daniel Scioli \u201cpor acompa\u00f1arnos en este desaf\u00edo de volver a posicionar a la provincia en el plano nacional e internacional\u201d.<\/p>\n\n\n\n<p class=\"has-medium-font-size\"><strong>Cinco vuelos semanales<\/strong><\/p>\n\n\n\n<p>La reuni\u00f3n se da en el marco de la amplia agenda que viene llevando adelante el Gobierno de la Provincia para fortalecer los v\u00ednculos de conexi\u00f3n a\u00e9rea y consolidar a Chubut como un destino tur\u00edstico de excelencia. Con este objetivo, la nueva ruta presentada este jueves se suma a la frecuencia de vuelos que la empresa retom\u00f3 en enero con la ciudad de Comodoro Rivadavia, afianzando la conectividad de nuestra provincia con distintas regiones del pa\u00eds y del extranjero.<\/p>\n\n\n\n<p>Seg\u00fan indicasron desde la compa\u00f1\u00eda, esta nueva ruta que unir\u00e1 a Trelew con el Aeroparque Jorge Newbery comenzar\u00e1 a operar a partir del 30 de abril de 2025 con una frecuencia de cinco vuelos semanales (lunes, mi\u00e9rcoles, jueves, viernes y domingo). Adelantaron adem\u00e1s, que los pasajes podr\u00e1n adquirirse desde este mismo jueves 6 de febrero con tarifas promocionales desde 34.600 pesos.<\/p>\n","protected":false},"excerpt":{"rendered":"<p>Se trata de un nuevo vuelo de JetSMART que operar&aacute; desde el pr&oacute;ximo mes de abril con cinco frecuencias semanales. La novedad fue anunciada este jueves en el marco de un encuentro que mantuvo el mandatario de manera virtual con representantes de la compa&ntilde;&iacute;a a&eacute;rea low cost. &ldquo;Estamos trabajando junto al sector privado para garantizar [&hellip;]<\/p>\n","protected":false},"author":2,"featured_media":11404,"comment_status":"open","ping_status":"open","sticky":false,"template":"","format":"standard","meta":{"footnotes":""},"categories":[5,726],"tags":[2685,4826,1767,5250,5251,5252],"class_list":["post-11403","post","type-post","status-publish","format-standard","has-post-thumbnail","hentry","category-nacionales","category-sociedad","tag-aeroparque","tag-chubut","tag-ignacio-torres","tag-jetsmart","tag-low-cost","tag-trelew"],"_links":{"self":[{"href":"https:\/\/partediario.com.ar\/index.php?rest_route=\/wp\/v2\/posts\/11403","targetHints":{"allow":["GET"]}}],"collection":[{"href":"https:\/\/partediario.com.ar\/index.php?rest_route=\/wp\/v2\/posts"}],"about":[{"href":"https:\/\/partediario.com.ar\/index.php?rest_route=\/wp\/v2\/types\/post"}],"author":[{"embeddable":true,"href":"https:\/\/partediario.com.ar\/index.php?rest_route=\/wp\/v2\/users\/2"}],"replies":[{"embeddable":true,"href":"https:\/\/partediario.com.ar\/index.php?rest_route=%2Fwp%2Fv2%2Fcomments&post=11403"}],"version-history":[{"count":1,"href":"https:\/\/partediario.com.ar\/index.php?rest_route=\/wp\/v2\/posts\/11403\/revisions"}],"predecessor-version":[{"id":11405,"href":"https:\/\/partediario.com.ar\/index.php?rest_route=\/wp\/v2\/posts\/11403\/revisions\/11405"}],"wp:featuredmedia":[{"embeddable":true,"href":"https:\/\/partediario.com.ar\/index.php?rest_route=\/wp\/v2\/media\/11404"}],"wp:attachment":[{"href":"https:\/\/partediario.com.ar\/index.php?rest_route=%2Fwp%2Fv2%2Fmedia&parent=11403"}],"wp:term":[{"taxonomy":"category","embeddable":true,"href":"https:\/\/partediario.com.ar\/index.php?rest_route=%2Fwp%2Fv2%2Fcategories&post=11403"},{"taxonomy":"post_tag","embeddable":true,"href":"https:\/\/partediario.com.ar\/index.php?rest_route=%2Fwp%2Fv2%2Ftags&post=11403"}],"curies":[{"name":"wp","href":"https:\/\/api.w.org\/{rel}","templated":true}]}}