{"id":11406,"date":"2025-02-08T10:36:28","date_gmt":"2025-02-08T13:36:28","guid":{"rendered":"https:\/\/partediario.com.ar\/?p=11406"},"modified":"2025-02-09T18:05:46","modified_gmt":"2025-02-09T21:05:46","slug":"axel-kicillof-mantuvo-una-reunion-con-la-familia-del-joven-asesinado-por-la-policias-de-la-bonaerense","status":"publish","type":"post","link":"https:\/\/partediario.com.ar\/?p=11406","title":{"rendered":"Axel Kicillof mantuvo una reuni\u00f3n con la familia del joven asesinado por la polic\u00edas de la Bonaerense"},"content":{"rendered":"\n<h2 class=\"wp-block-heading\">Luego de postergar un acto en Mar del Plata, el gobernador se reuni\u00f3 con los familiares de Matias Paredes, quien fue muerto a manos de la polic\u00eda.<\/h2>\n\n\n\n<p>El gobernador de la provincia de Buenos Aires, Axel Kicillof, viaj\u00f3 hoy a Mar del Plata para expresarle su \u00abacompa\u00f1amiento\u00bb a la familia de Matias Paredes, el joven asesinado por la polic\u00eda bonaerense.<\/p>\n\n\n\n<p>El encuentro se realiza\u00f3 en el Hotel Provincial, junto a los ministros de Seguridad, Javier Alonso, y de Justicia y Derechos Humanos, Juan Mart\u00edn Mena.<\/p>\n\n\n\n<p>Tras la reuni\u00f3n, Kicillof afirm\u00f3: \u00abDurante la jornada me comuniqu\u00e9 con el ministro Javier Alonso, que estaba aqu\u00ed en Mar del Plata debido a este hecho tr\u00e1gico, penoso, que tiene que ver con la muerte de un joven por una bala de la polic\u00eda\u00bb.<\/p>\n\n\n\n<p>\u00abEstuvimos siguiendo el caso y escuch\u00e9 que la familia dec\u00eda que le gustar\u00eda verme, ante lo que interrumpimos las actividades en Bah\u00eda Blanca para venir directamente para ac\u00e1\u00bb, a\u00f1adi\u00f3 en conferencia de prensa tras el encuentro con los familiares de Paredes.<\/p>\n\n\n\n<p>Adem\u00e1s, el mandatario provincial expres\u00f3: \u00abEstuve reunido con el padre y la compa\u00f1era: nosotros no hacemos pol\u00edtica con esto, solo digo que vinimos para darles nuestro acompa\u00f1amiento, nuestro p\u00e9same y para ponernos a disposici\u00f3n\u00bb, resalt\u00f3 el gobernador.<\/p>\n\n\n\n<p>Y agreg\u00f3: \u00abPuedo decir porque se lo transmit\u00ed a la familia que se actu\u00f3 r\u00e1pidamente y con determinaci\u00f3n para apartar a los polic\u00edas, quienes ya est\u00e1n detenidos a la espera de un juicio\u00bb.<\/p>\n\n\n\n<p>\u00abQueremos que se haga justicia: estamos contribuyendo con la fiscal\u00eda para que se determine c\u00f3mo ocurri\u00f3 y cu\u00e1les fueron las responsabilidades para que luego todos los responsables sean castigados como corresponde\u00bb, finaliz\u00f3.<\/p>\n","protected":false},"excerpt":{"rendered":"<p>Luego de postergar un acto en Mar del Plata, el gobernador se reuni&oacute; con los familiares de Matias Paredes, quien fue muerto a manos de la polic&iacute;a. El gobernador de la provincia de Buenos Aires, Axel Kicillof, viaj&oacute; hoy a Mar del Plata para expresarle su &laquo;acompa&ntilde;amiento&raquo; a la familia de Matias Paredes, el joven [&hellip;]<\/p>\n","protected":false},"author":2,"featured_media":11407,"comment_status":"open","ping_status":"open","sticky":false,"template":"","format":"standard","meta":{"footnotes":""},"categories":[5,726],"tags":[4147,1112,697,951,3668,3819,373],"class_list":["post-11406","post","type-post","status-publish","format-standard","has-post-thumbnail","hentry","category-nacionales","category-sociedad","tag-asesinado","tag-axel-kicillof","tag-familiares","tag-joven","tag-mar-del-plata","tag-policias","tag-reunion"],"_links":{"self":[{"href":"https:\/\/partediario.com.ar\/index.php?rest_route=\/wp\/v2\/posts\/11406","targetHints":{"allow":["GET"]}}],"collection":[{"href":"https:\/\/partediario.com.ar\/index.php?rest_route=\/wp\/v2\/posts"}],"about":[{"href":"https:\/\/partediario.com.ar\/index.php?rest_route=\/wp\/v2\/types\/post"}],"author":[{"embeddable":true,"href":"https:\/\/partediario.com.ar\/index.php?rest_route=\/wp\/v2\/users\/2"}],"replies":[{"embeddable":true,"href":"https:\/\/partediario.com.ar\/index.php?rest_route=%2Fwp%2Fv2%2Fcomments&post=11406"}],"version-history":[{"count":1,"href":"https:\/\/partediario.com.ar\/index.php?rest_route=\/wp\/v2\/posts\/11406\/revisions"}],"predecessor-version":[{"id":11408,"href":"https:\/\/partediario.com.ar\/index.php?rest_route=\/wp\/v2\/posts\/11406\/revisions\/11408"}],"wp:featuredmedia":[{"embeddable":true,"href":"https:\/\/partediario.com.ar\/index.php?rest_route=\/wp\/v2\/media\/11407"}],"wp:attachment":[{"href":"https:\/\/partediario.com.ar\/index.php?rest_route=%2Fwp%2Fv2%2Fmedia&parent=11406"}],"wp:term":[{"taxonomy":"category","embeddable":true,"href":"https:\/\/partediario.com.ar\/index.php?rest_route=%2Fwp%2Fv2%2Fcategories&post=11406"},{"taxonomy":"post_tag","embeddable":true,"href":"https:\/\/partediario.com.ar\/index.php?rest_route=%2Fwp%2Fv2%2Ftags&post=11406"}],"curies":[{"name":"wp","href":"https:\/\/api.w.org\/{rel}","templated":true}]}}