{"id":11409,"date":"2025-02-08T10:40:15","date_gmt":"2025-02-08T13:40:15","guid":{"rendered":"https:\/\/partediario.com.ar\/?p=11409"},"modified":"2025-02-09T18:05:41","modified_gmt":"2025-02-09T21:05:41","slug":"luis-barrionuevo-lanzo-su-partido-politico-y-critico-a-cristina-kirchner-y-javier-milei","status":"publish","type":"post","link":"https:\/\/partediario.com.ar\/?p=11409","title":{"rendered":"Luis Barrionuevo lanz\u00f3 su partido pol\u00edtico y critic\u00f3 a Cristina Kirchner y Javier Milei"},"content":{"rendered":"\n<h2 class=\"wp-block-heading\">El jefe del sindicato de Gastron\u00f3micos, Luis Barrionuevo, present\u00f3 en sociedad hoy su nuevo partido pol\u00edtico, llamado Trabaj.AR, en un acto en Mar del Plata, donde critic\u00f3 tanto a la ex presidenta Cristina Kirchner como al actual mandatario Javier Milei.<\/h2>\n\n\n\n<p>Este espacio competir\u00e1 por fuera del PJ con la idea de conseguir bancas en el Congreso para el sector gremial y con una postura alejada del kirchnerismo, sector que por ahora contin\u00faa manejando el peronismo.<\/p>\n\n\n\n<p>\u00abSe terminaron los mariscales de la derrota, fuera el cristinismo, La C\u00e1mpora, el albertismo, fuera todo eso\u00bb, apunt\u00f3 Barrionuevo en su discurso. Adem\u00e1s solicit\u00f3 \u00abenamorar a la gente que hoy odia a los pol\u00edticos\u00bb, situaci\u00f3n por la que consider\u00f3 que \u00abgan\u00f3 alguien desconocido que no entiende nada de pol\u00edtica, pero hoy maneja el pa\u00eds\u00bb, en clara referencia a Milei.<\/p>\n\n\n\n<p>\u00ab\u00bfQui\u00e9nes son los responsables? Los que realmente no estuvieron a la altura de la circunstancia para conducir los destinos del pa\u00eds, los distintos pol\u00edticos\u00bb, mencion\u00f3 el gremialista.<\/p>\n\n\n\n<p>Y agreg\u00f3: \u00abNo queremos que nos usen m\u00e1s los pol\u00edticos y tengamos que pagar las consecuencias de las cagadas que hacen ellos\u00bb.<\/p>\n\n\n\n<p>Sobre los pasos a seguir con Trabaj.AR, precis\u00f3: \u00abVamos a trabajar para conseguir consejeros escolares, concejales, diputados provinciales y nacionales, que es lo que nos tendr\u00eda que corresponder\u00bb. Luego veremos cu\u00e1l es la figura que vamos a elegir en 2027 para que sea el Presidente y todos nos podamos encolumnar.<\/p>\n\n\n\n<p>Al acto en la ciudad balnearia asistieron un pu\u00f1ado de referentes de la CGT, como el miembro del triunvirato que responde a Barrionuevo, Carlos Acu\u00f1a, jefe del gremio de estacioneros de servicio y garages, y el secretario general de la UTA, Roberto Fern\u00e1ndez, as\u00ed como tambi\u00e9n sindicalistas cercanos del sector tabacalero; textil; pastelero; comercio; aeronavegantes; viajantes y perfumista.<\/p>\n\n\n\n<p>Este partido se desprende del Movimiento Nacional Sindical Peronista, creado en octubre de 2022 junto a una decena de gremios de CGT, y fue relanzado con nuevo nombre de cara a las elecciones legislativas de este a\u00f1o.<\/p>\n","protected":false},"excerpt":{"rendered":"<p>El jefe del sindicato de Gastron&oacute;micos, Luis Barrionuevo, present&oacute; en sociedad hoy su nuevo partido pol&iacute;tico, llamado Trabaj.AR, en un acto en Mar del Plata, donde critic&oacute; tanto a la ex presidenta Cristina Kirchner como al actual mandatario Javier Milei. Este espacio competir&aacute; por fuera del PJ con la idea de conseguir bancas en el [&hellip;]<\/p>\n","protected":false},"author":2,"featured_media":11410,"comment_status":"open","ping_status":"open","sticky":false,"template":"","format":"standard","meta":{"footnotes":""},"categories":[5,7],"tags":[3549,666,5253],"class_list":["post-11409","post","type-post","status-publish","format-standard","has-post-thumbnail","hentry","category-nacionales","category-policiales","tag-luis-barrionuevo","tag-politico","tag-trabajar"],"_links":{"self":[{"href":"https:\/\/partediario.com.ar\/index.php?rest_route=\/wp\/v2\/posts\/11409","targetHints":{"allow":["GET"]}}],"collection":[{"href":"https:\/\/partediario.com.ar\/index.php?rest_route=\/wp\/v2\/posts"}],"about":[{"href":"https:\/\/partediario.com.ar\/index.php?rest_route=\/wp\/v2\/types\/post"}],"author":[{"embeddable":true,"href":"https:\/\/partediario.com.ar\/index.php?rest_route=\/wp\/v2\/users\/2"}],"replies":[{"embeddable":true,"href":"https:\/\/partediario.com.ar\/index.php?rest_route=%2Fwp%2Fv2%2Fcomments&post=11409"}],"version-history":[{"count":1,"href":"https:\/\/partediario.com.ar\/index.php?rest_route=\/wp\/v2\/posts\/11409\/revisions"}],"predecessor-version":[{"id":11411,"href":"https:\/\/partediario.com.ar\/index.php?rest_route=\/wp\/v2\/posts\/11409\/revisions\/11411"}],"wp:featuredmedia":[{"embeddable":true,"href":"https:\/\/partediario.com.ar\/index.php?rest_route=\/wp\/v2\/media\/11410"}],"wp:attachment":[{"href":"https:\/\/partediario.com.ar\/index.php?rest_route=%2Fwp%2Fv2%2Fmedia&parent=11409"}],"wp:term":[{"taxonomy":"category","embeddable":true,"href":"https:\/\/partediario.com.ar\/index.php?rest_route=%2Fwp%2Fv2%2Fcategories&post=11409"},{"taxonomy":"post_tag","embeddable":true,"href":"https:\/\/partediario.com.ar\/index.php?rest_route=%2Fwp%2Fv2%2Ftags&post=11409"}],"curies":[{"name":"wp","href":"https:\/\/api.w.org\/{rel}","templated":true}]}}