{"id":11425,"date":"2025-02-08T11:05:28","date_gmt":"2025-02-08T14:05:28","guid":{"rendered":"https:\/\/partediario.com.ar\/?p=11425"},"modified":"2025-02-08T11:05:29","modified_gmt":"2025-02-08T14:05:29","slug":"hamas-libero-a-otros-tres-rehenes-israelies-en-gaza","status":"publish","type":"post","link":"https:\/\/partediario.com.ar\/?p=11425","title":{"rendered":"Ham\u00e1s liber\u00f3 a otros tres rehenes israel\u00edes en Gaza"},"content":{"rendered":"\n<h2 class=\"wp-block-heading\">Ham\u00e1s ha liberado en Gaza a tres rehenes israel\u00edes como parte del quinto canje que se lleva adelante dentro del alto el fuego que entr\u00f3 en vigor desde el 19 de enero.<\/h2>\n\n\n\n<p>Se trata de Ohad Ben Ami, de 56 a\u00f1os; Eli Sharabi, de 52, y Or Levy, de 34, secuestrados durante el ataque del 7 de octubre de 2023. A cambio, afirmaron que Israel tiene prevista la entrega de 183 presos palestinos.<\/p>\n\n\n\n<p>El acuerdo, mediado por Egipto y Qatar con el apoyo de Estados Unidos, tiene como objetivo desescalar el conflicto.<\/p>\n\n\n\n<p>El gobierno de Israel expres\u00f3 nuevamente su desacuerdo con la forma en que Ham\u00e1s lleva a cabo la liberaci\u00f3n de rehenes en Gaza.<\/p>\n\n\n\n<p>\u00abLas impactantes im\u00e1genes que hemos visto hoy no quedar\u00e1n sin respuesta\u00bb, dijo un comunicado de la oficina del primer ministro, Benjam\u00edn Netanyahu.<\/p>\n\n\n\n<p>Si bien la queja no especifica el motivo del desacuerdo, se presume que podr\u00eda estar relacionada a la teatralidad y a las preguntas formuladas por un miembro encapuchado de Ham\u00e1s a los tres cautivos antes de ser entregados a la Cruz Roja, en una especie de entrevista p\u00fablica sobre un escenario.<\/p>\n\n\n\n<p>Cientos de milicianos armados de las Brigadas Al-Qassam fueron vistos en las calles de Deir al-Balah, uniformados y portando rifles, junto a veh\u00edculos con armas autom\u00e1ticas. Adem\u00e1s se hab\u00eda construido una plataforma para las entregas. Observadores palestinos indicaron que el proceso de intercambio parec\u00eda estar organizado.<\/p>\n\n\n\n<p>Im\u00e1genes de l\u00edderes de Ham\u00e1s asesinados en los ataques israel\u00edes fueron desplegadas alrededor de la plataforma. En su base, se puso una imagen del primer ministro israel\u00ed, Benjamin Netanyahu, junto a fotograf\u00edas de veh\u00edculos militares israel\u00edes destruidos.<\/p>\n\n\n\n<p>El viernes, las Brigadas Al-Qassam anunciaron la liberaci\u00f3n de tres prisioneros israel\u00edes, mientras que Israel estaba preparado para liberar a 183 palestinos este s\u00e1bado, como parte del acuerdo de intercambio de presos. Bajo este acuerdo, rehenes israel\u00edes ser\u00e1n liberados por primera vez en la zona central de la Franja de Gaza.<\/p>\n\n\n\n<p>Noticia con informaci\u00f3n de la Agencia de noticias china Xinhua.<\/p>\n","protected":false},"excerpt":{"rendered":"<p>Ham&aacute;s ha liberado en Gaza a tres rehenes israel&iacute;es como parte del quinto canje que se lleva adelante dentro del alto el fuego que entr&oacute; en vigor desde el 19 de enero. Se trata de Ohad Ben Ami, de 56 a&ntilde;os; Eli Sharabi, de 52, y Or Levy, de 34, secuestrados durante el ataque del [&hellip;]<\/p>\n","protected":false},"author":2,"featured_media":11426,"comment_status":"open","ping_status":"open","sticky":false,"template":"","format":"standard","meta":{"footnotes":""},"categories":[9],"tags":[1861,3880,5261,5262,4113],"class_list":["post-11425","post","type-post","status-publish","format-standard","has-post-thumbnail","hentry","category-internacionales","tag-hamas-3","tag-israelies","tag-libero","tag-prisioneros","tag-tres"],"_links":{"self":[{"href":"https:\/\/partediario.com.ar\/index.php?rest_route=\/wp\/v2\/posts\/11425","targetHints":{"allow":["GET"]}}],"collection":[{"href":"https:\/\/partediario.com.ar\/index.php?rest_route=\/wp\/v2\/posts"}],"about":[{"href":"https:\/\/partediario.com.ar\/index.php?rest_route=\/wp\/v2\/types\/post"}],"author":[{"embeddable":true,"href":"https:\/\/partediario.com.ar\/index.php?rest_route=\/wp\/v2\/users\/2"}],"replies":[{"embeddable":true,"href":"https:\/\/partediario.com.ar\/index.php?rest_route=%2Fwp%2Fv2%2Fcomments&post=11425"}],"version-history":[{"count":1,"href":"https:\/\/partediario.com.ar\/index.php?rest_route=\/wp\/v2\/posts\/11425\/revisions"}],"predecessor-version":[{"id":11427,"href":"https:\/\/partediario.com.ar\/index.php?rest_route=\/wp\/v2\/posts\/11425\/revisions\/11427"}],"wp:featuredmedia":[{"embeddable":true,"href":"https:\/\/partediario.com.ar\/index.php?rest_route=\/wp\/v2\/media\/11426"}],"wp:attachment":[{"href":"https:\/\/partediario.com.ar\/index.php?rest_route=%2Fwp%2Fv2%2Fmedia&parent=11425"}],"wp:term":[{"taxonomy":"category","embeddable":true,"href":"https:\/\/partediario.com.ar\/index.php?rest_route=%2Fwp%2Fv2%2Fcategories&post=11425"},{"taxonomy":"post_tag","embeddable":true,"href":"https:\/\/partediario.com.ar\/index.php?rest_route=%2Fwp%2Fv2%2Ftags&post=11425"}],"curies":[{"name":"wp","href":"https:\/\/api.w.org\/{rel}","templated":true}]}}