{"id":11428,"date":"2025-02-09T17:10:15","date_gmt":"2025-02-09T20:10:15","guid":{"rendered":"https:\/\/partediario.com.ar\/?p=11428"},"modified":"2025-02-10T13:30:11","modified_gmt":"2025-02-10T16:30:11","slug":"el-gobernador-de-entre-rios-frigerio-buscara-ampliar-el-mercado-de-exportacion-y-cooperacion-internacional-en-dubai","status":"publish","type":"post","link":"https:\/\/partediario.com.ar\/?p=11428","title":{"rendered":"El gobernador de Entre R\u00edos, Frigerio buscar\u00e1 ampliar el mercado de exportaci\u00f3n y cooperaci\u00f3n internacional en Dub\u00e1i"},"content":{"rendered":"\n<h2 class=\"wp-block-heading\">El gobernador Rogelio Frigerio, invitado por el jeque y presidente de Emiratos \u00c1rabes Unidos, Mohamed bin Zayed Al Nahyan, viajar\u00e1 a Dub\u00e1i para participar de la Cumbre Mundial de Gobiernos 2025. Este evento representa una oportunidad clave para Entre R\u00edos en su objetivo de expandir su mercado de exportaci\u00f3n y promover la cooperaci\u00f3n internacional.<\/h2>\n\n\n\n<p>La semana entrante el mandatario entrerriano viajar\u00e1 a Dub\u00e1i, all\u00ed se unir\u00e1 a l\u00edderes del mundo en un evento que tiene como prop\u00f3sito fomentar la cooperaci\u00f3n internacional a nivel global para impulsar el desarrollo econ\u00f3mico y abordar los desaf\u00edos globales actuales. Participar\u00e1n 30 jefes de Estado, gobernadores, ministros, responsables de pol\u00edticas p\u00fablicas, empresarios y pensadores de diversas partes del mundo.<\/p>\n\n\n\n<p>La reuni\u00f3n se desarrollar\u00e1 entre el martes 11 y jueves en distintas sedes en Dub\u00e1i, y contar\u00e1 con la participaci\u00f3n de figuras de primer nivel internacional, como la directora del Fondo Monetario Internacional, Cristalina Georgieva, y el CEO (director ejecutivo) de Google, Sundar Pichai. Oradores de renombre internacional proporcionar\u00e1n un marco para el intercambio de mejores pr\u00e1cticas a nivel global.<\/p>\n\n\n\n<p>La agenda incluye mesas redondas de trabajo en las que Frigerio compartir\u00e1 su perspectiva sobre los desaf\u00edos que enfrenta el mundo.<\/p>\n\n\n\n<p>La importancia de este encuentro para la provincia radica en que los Emiratos \u00c1rabes Unidos priorizan la seguridad agroalimentaria, y Entre R\u00edos, con su capacidad para exportar alimentos, puede ofrecer una complementariedad comercial natural que se explorar\u00e1 durante la visita del gobernador.<\/p>\n\n\n\n<p>Esta oportunidad representa un hecho trascendente y de gran valor, no solo por la inserci\u00f3n en la comunidad internacional, sino tambi\u00e9n porque ofrece la posibilidad de ampliar el ecosistema de negocios y un mercado potencial de exportaci\u00f3n a futuro.<\/p>\n","protected":false},"excerpt":{"rendered":"<p>El gobernador Rogelio Frigerio, invitado por el jeque y presidente de Emiratos &Aacute;rabes Unidos, Mohamed bin Zayed Al Nahyan, viajar&aacute; a Dub&aacute;i para participar de la Cumbre Mundial de Gobiernos 2025. Este evento representa una oportunidad clave para Entre R&iacute;os en su objetivo de expandir su mercado de exportaci&oacute;n y promover la cooperaci&oacute;n internacional. La [&hellip;]<\/p>\n","protected":false},"author":2,"featured_media":11429,"comment_status":"open","ping_status":"open","sticky":false,"template":"","format":"standard","meta":{"footnotes":""},"categories":[8],"tags":[296,3774,257,5264,5263,737,245],"class_list":["post-11428","post","type-post","status-publish","format-standard","has-post-thumbnail","hentry","category-provinciales","tag-cumbre","tag-emiratos-arabes-unidos","tag-entre-rios","tag-gobiernos","tag-mohamed-bin-zayed-al-nahyan","tag-mundial","tag-rogelio-frigerio"],"_links":{"self":[{"href":"https:\/\/partediario.com.ar\/index.php?rest_route=\/wp\/v2\/posts\/11428","targetHints":{"allow":["GET"]}}],"collection":[{"href":"https:\/\/partediario.com.ar\/index.php?rest_route=\/wp\/v2\/posts"}],"about":[{"href":"https:\/\/partediario.com.ar\/index.php?rest_route=\/wp\/v2\/types\/post"}],"author":[{"embeddable":true,"href":"https:\/\/partediario.com.ar\/index.php?rest_route=\/wp\/v2\/users\/2"}],"replies":[{"embeddable":true,"href":"https:\/\/partediario.com.ar\/index.php?rest_route=%2Fwp%2Fv2%2Fcomments&post=11428"}],"version-history":[{"count":1,"href":"https:\/\/partediario.com.ar\/index.php?rest_route=\/wp\/v2\/posts\/11428\/revisions"}],"predecessor-version":[{"id":11430,"href":"https:\/\/partediario.com.ar\/index.php?rest_route=\/wp\/v2\/posts\/11428\/revisions\/11430"}],"wp:featuredmedia":[{"embeddable":true,"href":"https:\/\/partediario.com.ar\/index.php?rest_route=\/wp\/v2\/media\/11429"}],"wp:attachment":[{"href":"https:\/\/partediario.com.ar\/index.php?rest_route=%2Fwp%2Fv2%2Fmedia&parent=11428"}],"wp:term":[{"taxonomy":"category","embeddable":true,"href":"https:\/\/partediario.com.ar\/index.php?rest_route=%2Fwp%2Fv2%2Fcategories&post=11428"},{"taxonomy":"post_tag","embeddable":true,"href":"https:\/\/partediario.com.ar\/index.php?rest_route=%2Fwp%2Fv2%2Ftags&post=11428"}],"curies":[{"name":"wp","href":"https:\/\/api.w.org\/{rel}","templated":true}]}}