{"id":11460,"date":"2025-02-10T13:24:28","date_gmt":"2025-02-10T16:24:28","guid":{"rendered":"https:\/\/partediario.com.ar\/?p=11460"},"modified":"2025-02-11T17:34:04","modified_gmt":"2025-02-11T20:34:04","slug":"milei-anuncio-la-afiliacion-de-espert-a-la-libertad-avanza-estoy-orgulloso-de-que-se-meta-a-pelearle-al-mentiroso-de-kicillof-dijo","status":"publish","type":"post","link":"https:\/\/partediario.com.ar\/?p=11460","title":{"rendered":"Milei anunci\u00f3 la afiliaci\u00f3n de Espert a La Libertad Avanza: \u00abEstoy orgulloso de que se meta a pelearle al mentiroso de Kicillof\u00bb, dijo"},"content":{"rendered":"\n<h2 class=\"wp-block-heading\">Javier Milei confirm\u00f3 la afiliaci\u00f3n de Espert a La Libertad Avanza: \u00abEstoy orgulloso de que se meta a pelearle al mentiroso de Kicillof\u00bb, apunt\u00f3.<\/h2>\n\n\n\n<p>\u201cAhora nos vamos para Casa Rosada y vamos a afiliar al profe Espert a La Libertad Avanza. Al margen de la labor brillante que est\u00e1 haciendo, se va a sumar a la batalla electoral en la provincia de Buenos Aires como uno de los m\u00e1ximos exponentes de la libertad\u201d, expres\u00f3 en declaraciones televisivas.<\/p>\n\n\n\n<p><\/p>\n\n\n\n<blockquote class=\"twitter-tweet\"><p lang=\"es\" dir=\"ltr\">Javier Milei: &quot;Usted le da plata a Kicillof y no arregla la inseguridad. \u00c9l cree en la doctrina Zaffaroni, pone al delincuente en el lugar de la v\u00edctima&quot;. <a href=\"https:\/\/t.co\/m7o31AEqgi\">pic.twitter.com\/m7o31AEqgi<\/a><\/p>&mdash; LA NACION (@LANACION) <a href=\"https:\/\/twitter.com\/LANACION\/status\/1888930566222774514?ref_src=twsrc%5Etfw\">February 10, 2025<\/a><\/blockquote> <script async src=\"https:\/\/platform.twitter.com\/widgets.js\" charset=\"utf-8\"><\/script>\n\n\n\n<p><\/p>\n\n\n\n<p>Asimismo, puntualiz\u00f3: \u201cEstoy orgulloso de que se meta en el barro de la provincia para pelearle de cara a cara a un mentiroso, impresentable, incompetente e in\u00fatil como Kicillof, que adem\u00e1s es bruto\u201d.<\/p>\n\n\n\n<p>Para Milei, el gobernador \u201ctiene la provincia que es un ba\u00f1o de sangre\u00bb, y destac\u00f3 que \u00aben lugar de ponerse los pantalones, le echa la culpa a la Naci\u00f3n\u201d.<\/p>\n\n\n\n<p>\u201cSe gasta 30 mil millones en sobornar medios de comunicaci\u00f3n o en hormonizaci\u00f3n de ni\u00f1os\u2026 por qu\u00e9 no lo pone en algo prioritario como es la seguridad\u201d, se\u00f1al\u00f3.<\/p>\n\n\n\n<p>Adem\u00e1s, el presidente plante\u00f3 que si el Gobierno Nacional girara plata a Kicillof, no la destinar\u00eda a resolver el problema de la inseguridad, ya que abona \u00aba la doctrina Zaffaroni que pone al delincuente como v\u00edctima\u201d.<\/p>\n\n\n\n<p>En las \u00faltimas horas, Milei hizo menci\u00f3n a las cr\u00edticas del Espert contra el mandatario provincial, en las que lo calific\u00f3 de \u201ccomunista\u201d y de \u201cpigmeo mental\u201d, a ra\u00edz de la columna que public\u00f3 en un medio de comunicaci\u00f3n en la que afirm\u00f3 que \u201clos precios de las cosas en Argentina son mas caras que en el exterior\u201d.<\/p>\n\n\n\n<p>Por medio de sus redes sociales, elmandatario indic\u00f3 sostuvo: \u201cTREMENDA MASTERCLAS del PROFE Espert al bruto may\u00fasculo que destruye todo lo que toca. Algo as\u00ed como el Rey Midas (quien convert\u00eda en oro todo lo que tocaba) al rev\u00e9s. Por eso, al enano sovi\u00e9tico lo llamar\u00e9: Rey SADIM, ya que todo lo que toca lo convierte en excremento. CIAO!\u201d.<\/p>\n","protected":false},"excerpt":{"rendered":"<p>Javier Milei confirm&oacute; la afiliaci&oacute;n de Espert a La Libertad Avanza: &laquo;Estoy orgulloso de que se meta a pelearle al mentiroso de Kicillof&raquo;, apunt&oacute;. &ldquo;Ahora nos vamos para Casa Rosada y vamos a afiliar al profe Espert a La Libertad Avanza. Al margen de la labor brillante que est&aacute; haciendo, se va a sumar a [&hellip;]<\/p>\n","protected":false},"author":2,"featured_media":11461,"comment_status":"open","ping_status":"open","sticky":false,"template":"","format":"standard","meta":{"footnotes":""},"categories":[5,176],"tags":[5275,1112,232,1302,1032],"class_list":["post-11460","post","type-post","status-publish","format-standard","has-post-thumbnail","hentry","category-nacionales","category-politica","tag-afiliacion","tag-axel-kicillof","tag-javier-milei","tag-jose-luis-espert","tag-la-libertad-avanza"],"_links":{"self":[{"href":"https:\/\/partediario.com.ar\/index.php?rest_route=\/wp\/v2\/posts\/11460","targetHints":{"allow":["GET"]}}],"collection":[{"href":"https:\/\/partediario.com.ar\/index.php?rest_route=\/wp\/v2\/posts"}],"about":[{"href":"https:\/\/partediario.com.ar\/index.php?rest_route=\/wp\/v2\/types\/post"}],"author":[{"embeddable":true,"href":"https:\/\/partediario.com.ar\/index.php?rest_route=\/wp\/v2\/users\/2"}],"replies":[{"embeddable":true,"href":"https:\/\/partediario.com.ar\/index.php?rest_route=%2Fwp%2Fv2%2Fcomments&post=11460"}],"version-history":[{"count":1,"href":"https:\/\/partediario.com.ar\/index.php?rest_route=\/wp\/v2\/posts\/11460\/revisions"}],"predecessor-version":[{"id":11462,"href":"https:\/\/partediario.com.ar\/index.php?rest_route=\/wp\/v2\/posts\/11460\/revisions\/11462"}],"wp:featuredmedia":[{"embeddable":true,"href":"https:\/\/partediario.com.ar\/index.php?rest_route=\/wp\/v2\/media\/11461"}],"wp:attachment":[{"href":"https:\/\/partediario.com.ar\/index.php?rest_route=%2Fwp%2Fv2%2Fmedia&parent=11460"}],"wp:term":[{"taxonomy":"category","embeddable":true,"href":"https:\/\/partediario.com.ar\/index.php?rest_route=%2Fwp%2Fv2%2Fcategories&post=11460"},{"taxonomy":"post_tag","embeddable":true,"href":"https:\/\/partediario.com.ar\/index.php?rest_route=%2Fwp%2Fv2%2Ftags&post=11460"}],"curies":[{"name":"wp","href":"https:\/\/api.w.org\/{rel}","templated":true}]}}