{"id":11463,"date":"2025-02-10T13:29:25","date_gmt":"2025-02-10T16:29:25","guid":{"rendered":"https:\/\/partediario.com.ar\/?p=11463"},"modified":"2025-02-11T17:34:01","modified_gmt":"2025-02-11T20:34:01","slug":"milei-contradijo-al-titular-de-la-anses-la-reforma-jubilatoria-no-es-para-este-momento-senalo","status":"publish","type":"post","link":"https:\/\/partediario.com.ar\/?p=11463","title":{"rendered":"Milei contradijo al titular de la ANSES: \u00abLa reforma jubilatoria no es para este momento\u00bb, se\u00f1al\u00f3"},"content":{"rendered":"\n<h2 class=\"wp-block-heading\">El presidente Javier Milei aclar\u00f3 hoy que \u201cla reforma jubilatoria no es para este momento\u201d, al salir al cruce de declaraciones formuladas el director ejecutivo de la Administraci\u00f3n Nacional de la Seguridad Social (ANSES), Mariano de los Heros.<\/h2>\n\n\n\n<p>De esta manera, el jefe de Estado ech\u00f3 por tierra con la posibilidad de que el cambio en el sistema previsional se debata este a\u00f1o.<\/p>\n\n\n\n<p>De los Heros hab\u00eda expresado que el Gobierno buscar\u00e1 impulsar una reforma previsional \u201cantes de fin de a\u00f1o\u201d.<\/p>\n\n\n\n<p>Pero Milei desech\u00f3 de plano esa posibilidad, en medio del a\u00f1o electoral.<\/p>\n\n\n\n<p>Actualmente, con 30 a\u00f1os de aportes, las mujeres pueden jubilarse a los 60 a\u00f1os y los varones a los 65 a\u00f1os.<\/p>\n\n\n\n<p>Sin embargo, desde 2018, los empleadores no pueden intimar a esos trabajadores del sector privado a jubilarse si re\u00fanen esos dos requisitos porque pueden optar por trabajar hasta los 70 a\u00f1os.<\/p>\n\n\n\n<p>Adem\u00e1s, ante el vencimiento el pr\u00f3ximo 23 de marzo de la moratoria previsional, De los Heros ratific\u00f3 que \u201cel que no llega a los 30 a\u00f1os de aportes, no tiene derecho a la jubilaci\u00f3n\u201d y volvi\u00f3 a la carga con la creaci\u00f3n de una Prestaci\u00f3n de Retiro Proporcional.<\/p>\n\n\n\n<p>La Prestaci\u00f3n Proporcional \u2013 figuraba en el proyecto de Ley Bases pero luego del Gobierno la retir\u00f3 porque se descontaba que no ser\u00eda aprobada por el Congreso- consiste en una jubilaci\u00f3n seg\u00fan los a\u00f1os aportados, con la garant\u00eda de un haber m\u00ednimo equivalente a la PUAM ( Prestaci\u00f3n Universal al Adulto Mayor) del 80% del haber m\u00ednimo ( en febrero ese m\u00ednimo es de $ 218.469).<\/p>\n","protected":false},"excerpt":{"rendered":"<p>El presidente Javier Milei aclar&oacute; hoy que &ldquo;la reforma jubilatoria no es para este momento&rdquo;, al salir al cruce de declaraciones formuladas el director ejecutivo de la Administraci&oacute;n Nacional de la Seguridad Social (ANSES), Mariano de los Heros. De esta manera, el jefe de Estado ech&oacute; por tierra con la posibilidad de que el cambio [&hellip;]<\/p>\n","protected":false},"author":2,"featured_media":11464,"comment_status":"open","ping_status":"open","sticky":false,"template":"","format":"standard","meta":{"footnotes":""},"categories":[5,176],"tags":[1234,232,3843],"class_list":["post-11463","post","type-post","status-publish","format-standard","has-post-thumbnail","hentry","category-nacionales","category-politica","tag-anses","tag-javier-milei","tag-mariano-de-los-heros"],"_links":{"self":[{"href":"https:\/\/partediario.com.ar\/index.php?rest_route=\/wp\/v2\/posts\/11463","targetHints":{"allow":["GET"]}}],"collection":[{"href":"https:\/\/partediario.com.ar\/index.php?rest_route=\/wp\/v2\/posts"}],"about":[{"href":"https:\/\/partediario.com.ar\/index.php?rest_route=\/wp\/v2\/types\/post"}],"author":[{"embeddable":true,"href":"https:\/\/partediario.com.ar\/index.php?rest_route=\/wp\/v2\/users\/2"}],"replies":[{"embeddable":true,"href":"https:\/\/partediario.com.ar\/index.php?rest_route=%2Fwp%2Fv2%2Fcomments&post=11463"}],"version-history":[{"count":1,"href":"https:\/\/partediario.com.ar\/index.php?rest_route=\/wp\/v2\/posts\/11463\/revisions"}],"predecessor-version":[{"id":11465,"href":"https:\/\/partediario.com.ar\/index.php?rest_route=\/wp\/v2\/posts\/11463\/revisions\/11465"}],"wp:featuredmedia":[{"embeddable":true,"href":"https:\/\/partediario.com.ar\/index.php?rest_route=\/wp\/v2\/media\/11464"}],"wp:attachment":[{"href":"https:\/\/partediario.com.ar\/index.php?rest_route=%2Fwp%2Fv2%2Fmedia&parent=11463"}],"wp:term":[{"taxonomy":"category","embeddable":true,"href":"https:\/\/partediario.com.ar\/index.php?rest_route=%2Fwp%2Fv2%2Fcategories&post=11463"},{"taxonomy":"post_tag","embeddable":true,"href":"https:\/\/partediario.com.ar\/index.php?rest_route=%2Fwp%2Fv2%2Ftags&post=11463"}],"curies":[{"name":"wp","href":"https:\/\/api.w.org\/{rel}","templated":true}]}}