{"id":11472,"date":"2025-02-10T14:37:17","date_gmt":"2025-02-10T17:37:17","guid":{"rendered":"https:\/\/partediario.com.ar\/?p=11472"},"modified":"2025-02-11T17:33:45","modified_gmt":"2025-02-11T20:33:45","slug":"el-papa-tuvo-que-dejar-de-leer-en-una-homilia-agobiado-por-la-falta-de-aire","status":"publish","type":"post","link":"https:\/\/partediario.com.ar\/?p=11472","title":{"rendered":"El Papa tuvo que dejar de leer en una homilia, agobiado por la falta de aire"},"content":{"rendered":"\n<h2 class=\"wp-block-heading\">El arzobispo Diego Ravelli, su colaborador directo como maestro de las celebraciones lit\u00fargicas pontificias, prosigui\u00f3 con la lectura.<\/h2>\n\n\n\n<p>El malestar de Francisco ocurri\u00f3 durante la misa del Jubileo de las Fuerzas Armadas.<\/p>\n\n\n\n<p>El Sumo Pont\u00edfice transfiri\u00f3 entonces el rol a un ayudante. Padece de bronquitis, de acuerdo a informaci\u00f3n de ANSA Latina.<\/p>\n\n\n\n<p>El arzobispo Diego Ravelli, su colaborador directo como maestro de las celebraciones lit\u00fargicas pontificias, continu\u00f3 con la lectura.<\/p>\n\n\n\n<p>\u00abAhora me disculpo un poco, y pido al maestro que contin\u00fae la lectura, por dificultad en el aliento\u00bb, expres\u00f3 aplaudido por los 30.000 militares presentes en la Plaza de San Pedro, de los cuales 20.000 son de Italia y otros de m\u00e1s de 100 pa\u00edses.<\/p>\n","protected":false},"excerpt":{"rendered":"<p>El arzobispo Diego Ravelli, su colaborador directo como maestro de las celebraciones lit&uacute;rgicas pontificias, prosigui&oacute; con la lectura. El malestar de Francisco ocurri&oacute; durante la misa del Jubileo de las Fuerzas Armadas. El Sumo Pont&iacute;fice transfiri&oacute; entonces el rol a un ayudante. Padece de bronquitis, de acuerdo a informaci&oacute;n de ANSA Latina. El arzobispo Diego [&hellip;]<\/p>\n","protected":false},"author":2,"featured_media":11473,"comment_status":"open","ping_status":"open","sticky":false,"template":"","format":"standard","meta":{"footnotes":""},"categories":[9,726],"tags":[5282,5284,5278,5276,5281,5277,5280,5279],"class_list":["post-11472","post","type-post","status-publish","format-standard","has-post-thumbnail","hentry","category-internacionales","category-sociedad","tag-aire","tag-bronquitis","tag-dejo","tag-el-papa","tag-falta","tag-francisco","tag-homilia","tag-leer"],"_links":{"self":[{"href":"https:\/\/partediario.com.ar\/index.php?rest_route=\/wp\/v2\/posts\/11472","targetHints":{"allow":["GET"]}}],"collection":[{"href":"https:\/\/partediario.com.ar\/index.php?rest_route=\/wp\/v2\/posts"}],"about":[{"href":"https:\/\/partediario.com.ar\/index.php?rest_route=\/wp\/v2\/types\/post"}],"author":[{"embeddable":true,"href":"https:\/\/partediario.com.ar\/index.php?rest_route=\/wp\/v2\/users\/2"}],"replies":[{"embeddable":true,"href":"https:\/\/partediario.com.ar\/index.php?rest_route=%2Fwp%2Fv2%2Fcomments&post=11472"}],"version-history":[{"count":1,"href":"https:\/\/partediario.com.ar\/index.php?rest_route=\/wp\/v2\/posts\/11472\/revisions"}],"predecessor-version":[{"id":11474,"href":"https:\/\/partediario.com.ar\/index.php?rest_route=\/wp\/v2\/posts\/11472\/revisions\/11474"}],"wp:featuredmedia":[{"embeddable":true,"href":"https:\/\/partediario.com.ar\/index.php?rest_route=\/wp\/v2\/media\/11473"}],"wp:attachment":[{"href":"https:\/\/partediario.com.ar\/index.php?rest_route=%2Fwp%2Fv2%2Fmedia&parent=11472"}],"wp:term":[{"taxonomy":"category","embeddable":true,"href":"https:\/\/partediario.com.ar\/index.php?rest_route=%2Fwp%2Fv2%2Fcategories&post=11472"},{"taxonomy":"post_tag","embeddable":true,"href":"https:\/\/partediario.com.ar\/index.php?rest_route=%2Fwp%2Fv2%2Ftags&post=11472"}],"curies":[{"name":"wp","href":"https:\/\/api.w.org\/{rel}","templated":true}]}}