{"id":11478,"date":"2025-02-11T16:57:45","date_gmt":"2025-02-11T19:57:45","guid":{"rendered":"https:\/\/partediario.com.ar\/?p=11478"},"modified":"2025-02-12T19:53:15","modified_gmt":"2025-02-12T22:53:15","slug":"empresarios-solicitaron-caputo-equilibrar-condiciones-frente-a-las-importaciones","status":"publish","type":"post","link":"https:\/\/partediario.com.ar\/?p=11478","title":{"rendered":"Empresarios solicitaron Caputo \u00abequilibrar condiciones\u00bb frente a las importaciones"},"content":{"rendered":"\n<h2 class=\"wp-block-heading\">Las m\u00e1ximas autoridades de la Uni\u00f3n Industrial Argentina (UIA) recibieron hoy al ministro de Econom\u00eda de la Naci\u00f3n, Luis Caputo, y parte de su gabinete.<\/h2>\n\n\n\n<p>La agenda se bas\u00f3 en la importancia de reducir el \u201ccosto argentino\u201d para \u00abequilibrar las condiciones internas frente a la importaci\u00f3n, evitando la competencia desleal\u00bb.<\/p>\n\n\n\n<p>En el encuentro, las autoridades subrayaron los resultados alcanzados en materia de equilibrio fiscal y comercial, la normalizaci\u00f3n de la deuda comercial, la reducci\u00f3n de la inflaci\u00f3n y la brecha cambiaria, entre otros puntos.<\/p>\n\n\n\n<p>De acuerdo al presidente de la UIA, Daniel Funes de Rioja, \u201cla industria no quiere protecci\u00f3n ni condiciones especiales, sino igualdad de oportunidades para competir frente a un mundo convulsionado en materia comercial\u201d.<\/p>\n\n\n\n<p>Por su parte, el ministro de Econom\u00eda, Caputo, afirm\u00f3 que \u201ceste Gobierno est\u00e1 a favor de la industria y del sector privado. Nuestro equipo est\u00e1 siempre abierto al di\u00e1logo y a recibir propuestas\u201d, y a\u00f1adi\u00f3 que \u201cel Gobierno vino a bajar impuestos, en consecuencia, necesitamos del esfuerzo de las provincias y los municipios para reducir tasas e ingresos brutos\u201d.<\/p>\n\n\n\n<p>La UIA se\u00f1al\u00f3 que, luego de la correcci\u00f3n de los desequilibrios fiscales y externos, el desaf\u00edo es la recuperaci\u00f3n de la actividad industrial, que tuvo una ca\u00edda de 9,4% del producto industrial durante 2024 y la p\u00e9rdida de 30.000 puestos de trabajo.<\/p>\n\n\n\n<p>Y agreg\u00f3 que m\u00e1s del 46% del costo de los bienes industriales corresponde a impuestos y que el sector industrial es el que m\u00e1s aporta a la recaudaci\u00f3n y el empleo, con 1,2 millones de trabajadores formales, generando dos empleos indirectos por cada puesto directo.<\/p>\n\n\n\n<p>Finalizando subrayaron que los precios de la industria estuvieron 50 puntos porcentuales por debajo del IPC durante 2024.<\/p>\n\n\n\n<p>La UIA plante\u00f3 una hoja de ruta a favor de mejorar la competitividad argentina en el corto y mediano plazo, que tiene como puntos destacados en materia tributaria la devoluci\u00f3n de saldos a favor acumulados en impuestos nacionales, con especial \u00e9nfasis en Impuesto Pa\u00eds, IVA y reintegros de exportaci\u00f3n.<\/p>\n\n\n\n<p>Adem\u00e1s hizo referencia a la necesidad de permitir el c\u00f3mputo del Impuesto a los D\u00e9bitos y Cr\u00e9ditos Bancarios como pago a cuenta de Impuesto a las Ganancias e IVA en un 100% para las PyMES y tambi\u00e9n con un esquema para grandes industrias, de forma de potenciar al sector formal, y la eliminaci\u00f3n de derechos de exportaci\u00f3n para las manufacturas de origen industrial (MOI), en un contexto de fuerte competencia global y suba de aranceles.<\/p>\n\n\n\n<p>A nivel legislativo, la UIA solicit\u00f3 impulsar el Proyecto de Ley de Promoci\u00f3n de Inversiones y Empleo, y mientras se avanza, un esquema de amortizaci\u00f3n acelerada para la industria (en particular para PyMEs), y la reducci\u00f3n del costo laboral no salarial: contribuciones patronales a cuenta de IVA para el sector industrial intensivo en trabajo.<\/p>\n\n\n\n<p>Frente a la competencia desleal, las autoridades pidieron utilizar de manera \u00e1gil el nuevo esquema antidumping; fortalecer los controles aduaneros para evitar el contrabando e implementar una mesa de seguimiento para formalizar y minimizar el impacto del comercio ilegal.<\/p>\n\n\n\n<p>En el cierre del encuentro, se acord\u00f3 seguir trabajando en conjunto para mejorar la competitividad de las industrias nacionales mientras contin\u00faa el proceso de ordenamiento macroecon\u00f3mico.<\/p>\n\n\n\n<p>Acompa\u00f1aron a Luis Caputo el secretario de Coordinaci\u00f3n Productiva de la Naci\u00f3n, Pablo Lavigne, y el secretario de Finanzas, Pablo Quirno.<\/p>\n","protected":false},"excerpt":{"rendered":"<p>Las m&aacute;ximas autoridades de la Uni&oacute;n Industrial Argentina (UIA) recibieron hoy al ministro de Econom&iacute;a de la Naci&oacute;n, Luis Caputo, y parte de su gabinete. La agenda se bas&oacute; en la importancia de reducir el &ldquo;costo argentino&rdquo; para &laquo;equilibrar las condiciones internas frente a la importaci&oacute;n, evitando la competencia desleal&raquo;. En el encuentro, las autoridades [&hellip;]<\/p>\n","protected":false},"author":2,"featured_media":11479,"comment_status":"open","ping_status":"open","sticky":false,"template":"","format":"standard","meta":{"footnotes":""},"categories":[5,176],"tags":[4371,792,2772,5287,373,5286],"class_list":["post-11478","post","type-post","status-publish","format-standard","has-post-thumbnail","hentry","category-nacionales","category-politica","tag-daniel-funes-de-rioja","tag-luis-caputo","tag-pablo-lavigne","tag-pablo-quirno","tag-reunion","tag-union-industrial"],"_links":{"self":[{"href":"https:\/\/partediario.com.ar\/index.php?rest_route=\/wp\/v2\/posts\/11478","targetHints":{"allow":["GET"]}}],"collection":[{"href":"https:\/\/partediario.com.ar\/index.php?rest_route=\/wp\/v2\/posts"}],"about":[{"href":"https:\/\/partediario.com.ar\/index.php?rest_route=\/wp\/v2\/types\/post"}],"author":[{"embeddable":true,"href":"https:\/\/partediario.com.ar\/index.php?rest_route=\/wp\/v2\/users\/2"}],"replies":[{"embeddable":true,"href":"https:\/\/partediario.com.ar\/index.php?rest_route=%2Fwp%2Fv2%2Fcomments&post=11478"}],"version-history":[{"count":1,"href":"https:\/\/partediario.com.ar\/index.php?rest_route=\/wp\/v2\/posts\/11478\/revisions"}],"predecessor-version":[{"id":11480,"href":"https:\/\/partediario.com.ar\/index.php?rest_route=\/wp\/v2\/posts\/11478\/revisions\/11480"}],"wp:featuredmedia":[{"embeddable":true,"href":"https:\/\/partediario.com.ar\/index.php?rest_route=\/wp\/v2\/media\/11479"}],"wp:attachment":[{"href":"https:\/\/partediario.com.ar\/index.php?rest_route=%2Fwp%2Fv2%2Fmedia&parent=11478"}],"wp:term":[{"taxonomy":"category","embeddable":true,"href":"https:\/\/partediario.com.ar\/index.php?rest_route=%2Fwp%2Fv2%2Fcategories&post=11478"},{"taxonomy":"post_tag","embeddable":true,"href":"https:\/\/partediario.com.ar\/index.php?rest_route=%2Fwp%2Fv2%2Ftags&post=11478"}],"curies":[{"name":"wp","href":"https:\/\/api.w.org\/{rel}","templated":true}]}}