{"id":11481,"date":"2025-02-11T17:07:35","date_gmt":"2025-02-11T20:07:35","guid":{"rendered":"https:\/\/partediario.com.ar\/?p=11481"},"modified":"2025-02-12T19:53:11","modified_gmt":"2025-02-12T22:53:11","slug":"guillermo-francos-cruzo-a-cristina-kirchner-son-textos-largos-que-aburren","status":"publish","type":"post","link":"https:\/\/partediario.com.ar\/?p=11481","title":{"rendered":"Guillermo Francos cruz\u00f3 a Cristina Kirchner: \u00abSon textos largos que aburren\u00bb"},"content":{"rendered":"\n<h2 class=\"wp-block-heading\">\u00abEs una forma de dirigirse al Presidente de la Rep\u00fablica que no corresponde\u00bb, se\u00f1al\u00f3, haciendo referencia a los \u00abChe Milei\u00bb \u00abDe todos modos, ha hecho muchas cosas que no corresponden en tantos a\u00f1os de su Gobierno, as\u00ed que est\u00e1 acostumbrada\u00bb, expres\u00f3 ir\u00f3nicamente.<\/h2>\n\n\n\n<p>El jefe de Gabinete, Guillermo Francos, consider\u00f3 hoy que el partido oficialista La Libertad Avanza es el espacio con m\u00e1s adhesi\u00f3n popular de cara a las elecciones de este a\u00f1o, y se\u00f1al\u00f3 que \u00absi uno se gu\u00eda por las encuestas, parecer\u00eda que s\u00ed\u00bb. \u00abSomos una fuerza pol\u00edtica joven que tiene que formar estructura y esto lo est\u00e1 llevando a cabo con mucho criterio Karina Milei. Somos una fuerza pol\u00edtica pujante pero nueva, que crece con el reconocimiento que tiene el presidente (Javier) Milei en la opini\u00f3n p\u00fablica\u00bb, destac\u00f3.<\/p>\n\n\n\n<p>Francos cont\u00f3 que Milei \u00abconversa con algunos encuestadores y todas esas encuestas marcan una aceptaci\u00f3n largamente positiva del Gobierno\u00bb, aunque aclar\u00f3: \u00abNosotros leemos encuestas que hablan m\u00e1s que de n\u00fameros de estados de la opini\u00f3n p\u00fablica, c\u00f3mo la gente opina del Gobierno y c\u00f3mo los afecta en su vida personal\u00bb.<\/p>\n\n\n\n<p>En una entrevista radial, Francos fue consultado sobre las versiones que hablan de que el Gobierno porte\u00f1o de Jorge Macri estar\u00eda siendo asesorado por el consultor catal\u00e1n Antoni Guti\u00e9rrez-Rub\u00ed, quien particip\u00f3 en la campa\u00f1a electoral de Sergio Massa en los comicios de 2023. \u00abEscuch\u00e9 esa versi\u00f3n, pero no puedo creer que sean tan tontos\u00bb, contest\u00f3 y dijo que ese consultor fue el autor en 2023 de una \u00abcampa\u00f1a negativa muy dura contra el actual Presidente, y me parece que no les fue muy bien, \u00bfno?\u00bb, ironiz\u00f3.<\/p>\n\n\n\n<p>Sobre la secretaria General de la Presidencia, Karina Milei, sea candidata este a\u00f1o, contest\u00f3 con un escueto \u00abNo lo s\u00e9\u00bb, y m\u00e1s adelante a\u00f1adi\u00f3: \u00abno tengo esa decisi\u00f3n concreta, har\u00e1 lo que a ella le parezca, pero no es f\u00e1cil reemplazar a una funcionaria que tiene tanta confianza para el presidente\u00bb.<\/p>\n\n\n\n<p><\/p>\n\n\n\n<blockquote class=\"twitter-tweet\"><p lang=\"es\" dir=\"ltr\">Che Milei. Te noto algo nervioso.<br><br>El s\u00e1bado publicaste un GALIMAT\u00cdAS ECON\u00d3MICO en La Naci\u00f3n para decir que no vas a devaluar porque este tipo de cambio es producto de una \u201cestabilizaci\u00f3n exitosa\u201d. Y el lunes dejaste la motosierra y saliste con la cimitarra (ya sabemos que la\u2026<\/p>&mdash; Cristina Kirchner (@CFKArgentina) <a href=\"https:\/\/twitter.com\/CFKArgentina\/status\/1889283364810629313?ref_src=twsrc%5Etfw\">February 11, 2025<\/a><\/blockquote> <script async src=\"https:\/\/platform.twitter.com\/widgets.js\" charset=\"utf-8\"><\/script>\n\n\n\n<p><\/p>\n\n\n\n<p>Francos critic\u00f3 adem\u00e1s a la ex presidenta Cristina Kirchner por las publicaciones que escribe en tono irreverente hacia Milei en la red social X, una de las cuales fue posteada hoy bajo el encabezamiento de \u00abChe Milei, te noto algo nervioso\u00bb.<\/p>\n\n\n\n<p>\u00abLa verdad es que son textos largos que aburren, no s\u00e9 si lo escribi\u00f3 ella o se lo escriben, pero es una forma de dirigirse al Presidente de la Rep\u00fablica que no corresponde\u00bb, remarc\u00f3. \u00abDe todas formas, ha hecho muchas cosas que no corresponden en tantos a\u00f1os de su Gobierno, as\u00ed que est\u00e1 acostumbrada,\u00bb dijo en tono ir\u00f3nico.<\/p>\n","protected":false},"excerpt":{"rendered":"<p>&laquo;Es una forma de dirigirse al Presidente de la Rep&uacute;blica que no corresponde&raquo;, se&ntilde;al&oacute;, haciendo referencia a los &laquo;Che Milei&raquo; &laquo;De todos modos, ha hecho muchas cosas que no corresponden en tantos a&ntilde;os de su Gobierno, as&iacute; que est&aacute; acostumbrada&raquo;, expres&oacute; ir&oacute;nicamente. El jefe de Gabinete, Guillermo Francos, consider&oacute; hoy que el partido oficialista La [&hellip;]<\/p>\n","protected":false},"author":2,"featured_media":11482,"comment_status":"open","ping_status":"open","sticky":false,"template":"","format":"standard","meta":{"footnotes":""},"categories":[5,176],"tags":[518,1461,329,232,263,1032,5288],"class_list":["post-11481","post","type-post","status-publish","format-standard","has-post-thumbnail","hentry","category-nacionales","category-politica","tag-cristina-kirchner","tag-criticas","tag-guillermo-francos","tag-javier-milei","tag-karina-milei","tag-la-libertad-avanza","tag-posteos"],"_links":{"self":[{"href":"https:\/\/partediario.com.ar\/index.php?rest_route=\/wp\/v2\/posts\/11481","targetHints":{"allow":["GET"]}}],"collection":[{"href":"https:\/\/partediario.com.ar\/index.php?rest_route=\/wp\/v2\/posts"}],"about":[{"href":"https:\/\/partediario.com.ar\/index.php?rest_route=\/wp\/v2\/types\/post"}],"author":[{"embeddable":true,"href":"https:\/\/partediario.com.ar\/index.php?rest_route=\/wp\/v2\/users\/2"}],"replies":[{"embeddable":true,"href":"https:\/\/partediario.com.ar\/index.php?rest_route=%2Fwp%2Fv2%2Fcomments&post=11481"}],"version-history":[{"count":1,"href":"https:\/\/partediario.com.ar\/index.php?rest_route=\/wp\/v2\/posts\/11481\/revisions"}],"predecessor-version":[{"id":11483,"href":"https:\/\/partediario.com.ar\/index.php?rest_route=\/wp\/v2\/posts\/11481\/revisions\/11483"}],"wp:featuredmedia":[{"embeddable":true,"href":"https:\/\/partediario.com.ar\/index.php?rest_route=\/wp\/v2\/media\/11482"}],"wp:attachment":[{"href":"https:\/\/partediario.com.ar\/index.php?rest_route=%2Fwp%2Fv2%2Fmedia&parent=11481"}],"wp:term":[{"taxonomy":"category","embeddable":true,"href":"https:\/\/partediario.com.ar\/index.php?rest_route=%2Fwp%2Fv2%2Fcategories&post=11481"},{"taxonomy":"post_tag","embeddable":true,"href":"https:\/\/partediario.com.ar\/index.php?rest_route=%2Fwp%2Fv2%2Ftags&post=11481"}],"curies":[{"name":"wp","href":"https:\/\/api.w.org\/{rel}","templated":true}]}}