{"id":11484,"date":"2025-02-11T17:13:08","date_gmt":"2025-02-11T20:13:08","guid":{"rendered":"https:\/\/partediario.com.ar\/?p=11484"},"modified":"2025-02-12T19:53:06","modified_gmt":"2025-02-12T22:53:06","slug":"guillermo-francos-culpa-a-los-mapuches-por-los-incendios-de-la-patagonia","status":"publish","type":"post","link":"https:\/\/partediario.com.ar\/?p=11484","title":{"rendered":"Guillermo Francos culpa a los mapuches por los incendios de la Patagonia"},"content":{"rendered":"\n<h2 class=\"wp-block-heading\">\u00abTenemos informaci\u00f3n que la organizaci\u00f3n RAM (Resistencia Ancestral Mapuche), ha sido parte de los incendios\u00bb, asegur\u00f3 el jefe de Gabinete en declaraciones radiales.<\/h2>\n\n\n\n<p>El jefe de Gabinete, Guillermo Francos, asegur\u00f3 hoy que \u00abdecir que el Gobierno no se ocupa\u00bb de los incendios forestales \u00abes mentir\u00bb y, en el caso de la Patagonia, asegur\u00f3 que la participaci\u00f3n de mapuches en el inicio del fuego \u00abno es una creencia, es informaci\u00f3n\u00bb.<\/p>\n\n\n\n<p>\u00abDecir que el Gobierno no se ocupa de los incendios es mentir, ya que el Poder Ejecutivo ha puesto todo lo que tiene\u00bb destac\u00f3 y mencion\u00f3 que por eso \u00abestamos incluyendo en las extraordinarias (del Congreso) una modificaci\u00f3n al c\u00f3digo penal para introducir penas m\u00e1s severas a quienes inicien incendios\u00bb.<\/p>\n\n\n\n<p>Consultado por Fernando Niembro en AM 550 Radio Colonia, sobre la participaci\u00f3n de individuos del colectivo mapuche, contest\u00f3 que \u00abno es una creencia\u00bb, sino que en el Gobierno \u00abtenemos informaci\u00f3n de que la organizaci\u00f3n RAM (Resistencia Ancestral Mapuche) ha sido parte de los incendios\u00bb.<\/p>\n\n\n\n<p>\u00abPor eso la ministra de Seguridad (Patricia Bullrich), que tiene a su cargo la lucha contra el fuego, los ha declarado organizaci\u00f3n terrorista y va a perseguir a (el l\u00edder mapuche Facundo) Jones Hualas hasta meterlo otra vez preso\u00bb indic\u00f3 Francos.<\/p>\n\n\n\n<p>Las declaraciones de Francos se suman a lo que anunci\u00f3 esta ma\u00f1ana el ministro de Justicia, Mariano C\u00faneo Libarona, a trav\u00e9s de sus redes sociales, anticipando que el proyecto ser\u00e1 incluido en las sesiones extraordinarias del Congreso.<\/p>\n\n\n\n<p>\u00abTerroristas disfrazados de mapuches prendieron fuego nuestra Patagonia para extorsionar al Gobierno y reclamar privilegios. Van a pagar tras las rejas\u00bb, prometi\u00f3 C\u00faneo Libarona.<\/p>\n","protected":false},"excerpt":{"rendered":"<p>&laquo;Tenemos informaci&oacute;n que la organizaci&oacute;n RAM (Resistencia Ancestral Mapuche), ha sido parte de los incendios&raquo;, asegur&oacute; el jefe de Gabinete en declaraciones radiales. El jefe de Gabinete, Guillermo Francos, asegur&oacute; hoy que &laquo;decir que el Gobierno no se ocupa&raquo; de los incendios forestales &laquo;es mentir&raquo; y, en el caso de la Patagonia, asegur&oacute; que la [&hellip;]<\/p>\n","protected":false},"author":2,"featured_media":11485,"comment_status":"open","ping_status":"open","sticky":false,"template":"","format":"standard","meta":{"footnotes":""},"categories":[979,5,176],"tags":[329,2998,4933,1167,510],"class_list":["post-11484","post","type-post","status-publish","format-standard","has-post-thumbnail","hentry","category-judiciales","category-nacionales","category-politica","tag-guillermo-francos","tag-incendios","tag-mapuches","tag-patagonia","tag-patricia-bullrich"],"_links":{"self":[{"href":"https:\/\/partediario.com.ar\/index.php?rest_route=\/wp\/v2\/posts\/11484","targetHints":{"allow":["GET"]}}],"collection":[{"href":"https:\/\/partediario.com.ar\/index.php?rest_route=\/wp\/v2\/posts"}],"about":[{"href":"https:\/\/partediario.com.ar\/index.php?rest_route=\/wp\/v2\/types\/post"}],"author":[{"embeddable":true,"href":"https:\/\/partediario.com.ar\/index.php?rest_route=\/wp\/v2\/users\/2"}],"replies":[{"embeddable":true,"href":"https:\/\/partediario.com.ar\/index.php?rest_route=%2Fwp%2Fv2%2Fcomments&post=11484"}],"version-history":[{"count":1,"href":"https:\/\/partediario.com.ar\/index.php?rest_route=\/wp\/v2\/posts\/11484\/revisions"}],"predecessor-version":[{"id":11486,"href":"https:\/\/partediario.com.ar\/index.php?rest_route=\/wp\/v2\/posts\/11484\/revisions\/11486"}],"wp:featuredmedia":[{"embeddable":true,"href":"https:\/\/partediario.com.ar\/index.php?rest_route=\/wp\/v2\/media\/11485"}],"wp:attachment":[{"href":"https:\/\/partediario.com.ar\/index.php?rest_route=%2Fwp%2Fv2%2Fmedia&parent=11484"}],"wp:term":[{"taxonomy":"category","embeddable":true,"href":"https:\/\/partediario.com.ar\/index.php?rest_route=%2Fwp%2Fv2%2Fcategories&post=11484"},{"taxonomy":"post_tag","embeddable":true,"href":"https:\/\/partediario.com.ar\/index.php?rest_route=%2Fwp%2Fv2%2Ftags&post=11484"}],"curies":[{"name":"wp","href":"https:\/\/api.w.org\/{rel}","templated":true}]}}