{"id":11487,"date":"2025-02-11T17:20:59","date_gmt":"2025-02-11T20:20:59","guid":{"rendered":"https:\/\/partediario.com.ar\/?p=11487"},"modified":"2025-02-12T19:53:03","modified_gmt":"2025-02-12T22:53:03","slug":"denunciaron-penalmente-a-luis-caputo-javier-milei-y-patricia-bullrich-por-infringir-la-ley-del-manejo-del-fuego","status":"publish","type":"post","link":"https:\/\/partediario.com.ar\/?p=11487","title":{"rendered":"Denunciaron penalmente a Luis Caputo, Javier Milei y Patricia Bullrich por infringir la Ley del Manejo del Fuego"},"content":{"rendered":"\n<h2 class=\"wp-block-heading\">El presidente de la Naci\u00f3n Javier Milei, el ministro de Econom\u00eda Luis Caputo y su par en Seguridad Nacional, Patricia Bullrich, fueron denunciados por el abogado Gregorio Dalb\u00f3n por infringir la Ley del Manejo del Fuego.<\/h2>\n\n\n\n<p>La denuncia formal presentada por el letrado explica que los funcionarios cometieron \u201cdelitos de abuso de autoridad\u201d e incumplieron sus deberes de autoridades p\u00fablicas.<\/p>\n\n\n\n<p><\/p>\n\n\n\n<blockquote class=\"twitter-tweet\"><p lang=\"es\" dir=\"ltr\">Hoy denunci\u00e9 penalmente por por los delitos de abuso de autoridad, incumplimiento de los deberes de<br>funcionario p\u00fablico e infracci\u00f3n a la Ley de Manejo del Fuego (arts. 248 y 249 del C\u00f3digo<br>Penal de la Naci\u00f3n y Ley 26.815) a <a href=\"https:\/\/twitter.com\/JMilei?ref_src=twsrc%5Etfw\">@JMilei<\/a> <a href=\"https:\/\/twitter.com\/LuisCaputoAR?ref_src=twsrc%5Etfw\">@LuisCaputoAR<\/a> y a <a href=\"https:\/\/twitter.com\/PatoBullrich?ref_src=twsrc%5Etfw\">@PatoBullrich<\/a> <a href=\"https:\/\/t.co\/eDyDq9yGzq\">pic.twitter.com\/eDyDq9yGzq<\/a><\/p>&mdash; Gregorio Dalbon (@Gregoriodalbon) <a href=\"https:\/\/twitter.com\/Gregoriodalbon\/status\/1889298109785653531?ref_src=twsrc%5Etfw\">February 11, 2025<\/a><\/blockquote> <script async src=\"https:\/\/platform.twitter.com\/widgets.js\" charset=\"utf-8\"><\/script>\n\n\n\n<p><\/p>\n\n\n\n<p>\u201cHoy denunci\u00e9 penalmente por los delitos de abuso de autoridad, incumplimiento de los deberes de funcionario p\u00fablico e infracci\u00f3n a la Ley de Manejo del Fuego (arts. 248 y 249 del C\u00f3digo Penal de la Naci\u00f3n y Ley 26.815) a Javier Milei, a Luis Caputo y a Patricia Bullrich\u201d, inform\u00f3 Dalb\u00f3n a trav\u00e9s de sus redes sociales.<\/p>\n\n\n\n<p>Asimismo, el documento se\u00f1ala que \u201cla dr\u00e1stica reducci\u00f3n de recursos destinados a la prevenci\u00f3n y combate de incendios\u201d es una de las medidas por las que considera propicio denunciarlos, adem\u00e1s de \u201cla falta de ejecuci\u00f3n de los presupuestos asignados a la gesti\u00f3n de emergencias ambientales\u201d.<\/p>\n\n\n\n<p>Para Dalb\u00f3n, el proceder de los funcionarios, antes y durante los incendios, \u201cimplica una violaci\u00f3n deliberada del deber de cumplir\u201d y no atenerse a \u201clas leyes que garantizan la protecci\u00f3n del ambiente y la seguridad de la poblaci\u00f3n\u201d.<\/p>\n\n\n\n<p>En el d\u00eda de ayer, y desde su cuenta de X, el letrado hab\u00eda criticado a Bullrich por su gesti\u00f3n como ministra y adem\u00e1s por \u201cdesviar la atenci\u00f3n\u201d sobre lo que est\u00e1 sucediendo en la Patagonia Argentina.<\/p>\n\n\n\n<p>\u201cSe incendia el pa\u00eds y no se te ocurre algo m\u00e1s indigno que ensuciar a Waldo Wolff? A \u00e9l se le pueden escapar presos y a vos el gas mostaza y las balas de goma. Vergonzoso. Por m\u00e1s que quieras desviar la atenci\u00f3n, est\u00e1n llegando las llamas\u201d, dispar\u00f3.<\/p>\n","protected":false},"excerpt":{"rendered":"<p>Cr\u00e9dito NA.<\/p>\n","protected":false},"author":2,"featured_media":11488,"comment_status":"open","ping_status":"open","sticky":false,"template":"","format":"standard","meta":{"footnotes":""},"categories":[979,5,176],"tags":[5289,3225,232,5290,792,510],"class_list":["post-11487","post","type-post","status-publish","format-standard","has-post-thumbnail","hentry","category-judiciales","category-nacionales","category-politica","tag-denuncia-penal","tag-gregorio-dalbon","tag-javier-milei","tag-ley-manejo-del-fuego","tag-luis-caputo","tag-patricia-bullrich"],"_links":{"self":[{"href":"https:\/\/partediario.com.ar\/index.php?rest_route=\/wp\/v2\/posts\/11487","targetHints":{"allow":["GET"]}}],"collection":[{"href":"https:\/\/partediario.com.ar\/index.php?rest_route=\/wp\/v2\/posts"}],"about":[{"href":"https:\/\/partediario.com.ar\/index.php?rest_route=\/wp\/v2\/types\/post"}],"author":[{"embeddable":true,"href":"https:\/\/partediario.com.ar\/index.php?rest_route=\/wp\/v2\/users\/2"}],"replies":[{"embeddable":true,"href":"https:\/\/partediario.com.ar\/index.php?rest_route=%2Fwp%2Fv2%2Fcomments&post=11487"}],"version-history":[{"count":1,"href":"https:\/\/partediario.com.ar\/index.php?rest_route=\/wp\/v2\/posts\/11487\/revisions"}],"predecessor-version":[{"id":11489,"href":"https:\/\/partediario.com.ar\/index.php?rest_route=\/wp\/v2\/posts\/11487\/revisions\/11489"}],"wp:featuredmedia":[{"embeddable":true,"href":"https:\/\/partediario.com.ar\/index.php?rest_route=\/wp\/v2\/media\/11488"}],"wp:attachment":[{"href":"https:\/\/partediario.com.ar\/index.php?rest_route=%2Fwp%2Fv2%2Fmedia&parent=11487"}],"wp:term":[{"taxonomy":"category","embeddable":true,"href":"https:\/\/partediario.com.ar\/index.php?rest_route=%2Fwp%2Fv2%2Fcategories&post=11487"},{"taxonomy":"post_tag","embeddable":true,"href":"https:\/\/partediario.com.ar\/index.php?rest_route=%2Fwp%2Fv2%2Ftags&post=11487"}],"curies":[{"name":"wp","href":"https:\/\/api.w.org\/{rel}","templated":true}]}}