{"id":11490,"date":"2025-02-11T17:25:42","date_gmt":"2025-02-11T20:25:42","guid":{"rendered":"https:\/\/partediario.com.ar\/?p=11490"},"modified":"2025-02-12T19:52:59","modified_gmt":"2025-02-12T22:52:59","slug":"brigadistas-jujenos-se-trasladaron-a-neuquen-para-ayudar-a-combatir-los-incendios","status":"publish","type":"post","link":"https:\/\/partediario.com.ar\/?p=11490","title":{"rendered":"Brigadistas juje\u00f1os se trasladaron a Neuqu\u00e9n para ayudar a combatir los incendios"},"content":{"rendered":"\n<h2 class=\"wp-block-heading\">Brigadistas de la provincia de Jujuy viajaron a Neuqu\u00e9n para ayudar a combatir el fuego en los bosques. Fueron acompa\u00f1ados por el gobernador Carlos Sadir, junto a la ministra de Ambiente y Cambio Clim\u00e1tico, Mar\u00eda In\u00e9s Zigar\u00e1n, quienes partieron en un avi\u00f3n Fokker de la Fuerza A\u00e9rea desde el Aeropuerto Internacional de Jujuy rumbo al Parque Nacional Lanin.<\/h2>\n\n\n\n<p>De este modo, se sumar\u00e1n junto al resto de la Regional NOA al trabajo que desarrolla el Servicio Nacional de Manejo del Fuego (SNMF) para combatir los incendios que afectan grandes superficies de Bosques Nativos y hasta zonas urbanas.<\/p>\n\n\n\n<p>El mandatario juje\u00f1o indic\u00f3 que el grupo de brigadistas juje\u00f1os y salte\u00f1os se sumar\u00e1n junto a las fuerzas de las provincias de Catamarca y Tucum\u00e1n al resto de las Brigadas que se despliegan en la zona afectada.<\/p>\n\n\n\n<p>El gobernador Sadir habl\u00f3 sobre los focos \u00edgneos y se\u00f1al\u00f3: \u00abTenemos que ayudarnos entre provincias porque nadie est\u00e1 exento de este tipo de situaciones\u00bb.<\/p>\n\n\n\n<p>Y a\u00f1adi\u00f3 que: \u00abAfortunadamente contamos con la buena predisposici\u00f3n y compromiso de nuestros brigadistas que est\u00e1n en un alto nivel de profesionalismo y por eso son convocados cuando se producen este tipo de tristes situaciones de desastre\u00bb.<\/p>\n\n\n\n<p>La ministra Mar\u00eda In\u00e9s Zigar\u00e1n, quien estuvo acompa\u00f1ada por el director de Incendios de Vegetaci\u00f3n y Emergencias Ambientales, Marcelo Torrico, ponder\u00f3 por su parte \u00abla calidad profesional, la vocaci\u00f3n de servicio y el enorme compromiso de los 13 brigadistas y las 10 combatientes de Jujuy, as\u00ed como el apoyo de sus familias\u00bb.<\/p>\n\n\n\n<p>\u00abEstamos orgullosos, porque forman parte de una fuerza que estos a\u00f1os hemos fortalecido, en el marco del Sistema Provincial de Prevenci\u00f3n y Lucha contra el fuego, porque el cuidado y conservaci\u00f3n de los bosques, de los ecosistemas y de la biodiversidad es un pol\u00edtica p\u00fablica para nuestro gobierno\u00bb, indic\u00f3 Zigar\u00e1n.<\/p>\n\n\n\n<p>Tras precisar que los equipos estar\u00e1n, en principio, de 15 a 20 d\u00edas en Neuqu\u00e9n, la funcionaria augura un buen servicio de parte de la nueva camada de combatientes que ya cuentan con experiencia: \u00abSon la nueva generaci\u00f3n de combatientes de incendios forestales que garantizan adem\u00e1s un recambio, y que junto con la experiencia de los hist\u00f3ricos, enaltecen a las Brigadas de Jujuy\u00bb, concluy\u00f3.<\/p>\n","protected":false},"excerpt":{"rendered":"<p>Brigadistas de la provincia de Jujuy viajaron a Neuqu&eacute;n para ayudar a combatir el fuego en los bosques. Fueron acompa&ntilde;ados por el gobernador Carlos Sadir, junto a la ministra de Ambiente y Cambio Clim&aacute;tico, Mar&iacute;a In&eacute;s Zigar&aacute;n, quienes partieron en un avi&oacute;n Fokker de la Fuerza A&eacute;rea desde el Aeropuerto Internacional de Jujuy rumbo al [&hellip;]<\/p>\n","protected":false},"author":2,"featured_media":11491,"comment_status":"open","ping_status":"open","sticky":false,"template":"","format":"standard","meta":{"footnotes":""},"categories":[5,726],"tags":[681,5291,2530,1197,5293,3342,2832,5294,608,5292],"class_list":["post-11490","post","type-post","status-publish","format-standard","has-post-thumbnail","hentry","category-nacionales","category-sociedad","tag-ayuda","tag-brigadistas-jujenos","tag-carlos-sadir","tag-catamarca","tag-combatir","tag-maria-ines-zigaran","tag-neuquen","tag-parque-nacional-lanin","tag-tucuman","tag-viajan"],"_links":{"self":[{"href":"https:\/\/partediario.com.ar\/index.php?rest_route=\/wp\/v2\/posts\/11490","targetHints":{"allow":["GET"]}}],"collection":[{"href":"https:\/\/partediario.com.ar\/index.php?rest_route=\/wp\/v2\/posts"}],"about":[{"href":"https:\/\/partediario.com.ar\/index.php?rest_route=\/wp\/v2\/types\/post"}],"author":[{"embeddable":true,"href":"https:\/\/partediario.com.ar\/index.php?rest_route=\/wp\/v2\/users\/2"}],"replies":[{"embeddable":true,"href":"https:\/\/partediario.com.ar\/index.php?rest_route=%2Fwp%2Fv2%2Fcomments&post=11490"}],"version-history":[{"count":1,"href":"https:\/\/partediario.com.ar\/index.php?rest_route=\/wp\/v2\/posts\/11490\/revisions"}],"predecessor-version":[{"id":11492,"href":"https:\/\/partediario.com.ar\/index.php?rest_route=\/wp\/v2\/posts\/11490\/revisions\/11492"}],"wp:featuredmedia":[{"embeddable":true,"href":"https:\/\/partediario.com.ar\/index.php?rest_route=\/wp\/v2\/media\/11491"}],"wp:attachment":[{"href":"https:\/\/partediario.com.ar\/index.php?rest_route=%2Fwp%2Fv2%2Fmedia&parent=11490"}],"wp:term":[{"taxonomy":"category","embeddable":true,"href":"https:\/\/partediario.com.ar\/index.php?rest_route=%2Fwp%2Fv2%2Fcategories&post=11490"},{"taxonomy":"post_tag","embeddable":true,"href":"https:\/\/partediario.com.ar\/index.php?rest_route=%2Fwp%2Fv2%2Ftags&post=11490"}],"curies":[{"name":"wp","href":"https:\/\/api.w.org\/{rel}","templated":true}]}}