{"id":11499,"date":"2025-02-12T18:58:27","date_gmt":"2025-02-12T21:58:27","guid":{"rendered":"https:\/\/partediario.com.ar\/?p=11499"},"modified":"2025-02-14T13:41:14","modified_gmt":"2025-02-14T16:41:14","slug":"la-oms-hizo-referencia-a-la-decision-del-gobierno-de-javier-milei-de-dejar-el-organismo-lamentamos-el-anuncio-senalaron","status":"publish","type":"post","link":"https:\/\/partediario.com.ar\/?p=11499","title":{"rendered":"La OMS hizo referencia a la decisi\u00f3n del gobierno de Javier Milei de dejar el organismo: \u00ablamentamos el anuncio\u00bb, se\u00f1alaron"},"content":{"rendered":"\n<h2 class=\"wp-block-heading\">El director de la Organizaci\u00f3n Mundial de la Salud (OMS), Tedros Adhanom Ghebreyesus, expres\u00f3 hoy que \u00ablamenta\u00bb la salida de la Argentina de ese organismo y que espera que el Gobierno \u00abreconsidere\u00bb esa posici\u00f3n.<\/h2>\n\n\n\n<p>\u00abLamentamos el anuncio y esperamos que reconsideren la decisi\u00f3n\u00bb, asegur\u00f3 el titular de la OMS durante una rueda de prensa virtual.<\/p>\n\n\n\n<p>El gobierno del presidente Javier Milei hab\u00eda anunciado la decisi\u00f3n de abandonar la entidad hace una semana a trav\u00e9s del portavoz presidencial Manuel Adorni.<\/p>\n\n\n\n<p>\u00abEl Presidente instruy\u00f3 el canciller Gerardo Werthein para retirar la participaci\u00f3n de la Argentina en la Organizaci\u00f3n Mundial de la Salud\u00bb, se\u00f1al\u00f3 Adorni en conferencia de prensa.<\/p>\n\n\n\n<p>La determinaci\u00f3n que tom\u00f3 el gobierno argentino fue en consonancia con la administraci\u00f3n estadounidense que encabeza el presidente norteamericano Donald Trump, quien firm\u00f3 una orden para que su pa\u00eds se retire del organismo, sin embargo, luego manifest\u00f3 inter\u00e9s en revisar esa medida, tomando 90 d\u00edas a tal efecto.<\/p>\n\n\n\n<p>El anuncio del Gobierno despert\u00f3 m\u00faltiples cr\u00edticas por parte de todo el arco pol\u00edtico opositor y especialistas en salud, quienes cuestionaron al Gobierno por emular las pol\u00edticas trumpistas y plantearon que la soluci\u00f3n a los problemas sanitarios \u00abno es irse de la OMS\u00bb.<\/p>\n\n\n\n<p>El presidente de la Federaci\u00f3n Latinoamericana de Hospitales, Rub\u00e9n Torres, manifest\u00f3 que \u00abla soluci\u00f3n no es irse\u00bb de la organizaci\u00f3n sino tratar de solucionar los inconvenientes \u00abdesde el papel de miembro\u00bb.<\/p>\n\n\n\n<p>Adem\u00e1sse manifestaron en contra, ATE y los bloques parlamentarios de Uni\u00f3n por la Patria (UxP), la UCR y la Coalici\u00f3n C\u00edvica (CC), entre otros.<\/p>\n\n\n\n<p>Luego de la notificaci\u00f3n formal a la OMS para iniciar el proceso de retirada del pa\u00eds de la organizaci\u00f3n, el Gobierno debe obtener la ratificaci\u00f3n del Congreso para hacer efectiva la medida.<\/p>\n","protected":false},"excerpt":{"rendered":"<p>El director de la Organizaci&oacute;n Mundial de la Salud (OMS), Tedros Adhanom Ghebreyesus, expres&oacute; hoy que &laquo;lamenta&raquo; la salida de la Argentina de ese organismo y que espera que el Gobierno &laquo;reconsidere&raquo; esa posici&oacute;n. &laquo;Lamentamos el anuncio y esperamos que reconsideren la decisi&oacute;n&raquo;, asegur&oacute; el titular de la OMS durante una rueda de prensa virtual. [&hellip;]<\/p>\n","protected":false},"author":2,"featured_media":11500,"comment_status":"open","ping_status":"open","sticky":false,"template":"","format":"standard","meta":{"footnotes":""},"categories":[9,176],"tags":[411,232,1528,5217,5234],"class_list":["post-11499","post","type-post","status-publish","format-standard","has-post-thumbnail","hentry","category-internacionales","category-politica","tag-argentina","tag-javier-milei","tag-oms","tag-salida","tag-tedros-adhanom-ghebreyesus"],"_links":{"self":[{"href":"https:\/\/partediario.com.ar\/index.php?rest_route=\/wp\/v2\/posts\/11499","targetHints":{"allow":["GET"]}}],"collection":[{"href":"https:\/\/partediario.com.ar\/index.php?rest_route=\/wp\/v2\/posts"}],"about":[{"href":"https:\/\/partediario.com.ar\/index.php?rest_route=\/wp\/v2\/types\/post"}],"author":[{"embeddable":true,"href":"https:\/\/partediario.com.ar\/index.php?rest_route=\/wp\/v2\/users\/2"}],"replies":[{"embeddable":true,"href":"https:\/\/partediario.com.ar\/index.php?rest_route=%2Fwp%2Fv2%2Fcomments&post=11499"}],"version-history":[{"count":1,"href":"https:\/\/partediario.com.ar\/index.php?rest_route=\/wp\/v2\/posts\/11499\/revisions"}],"predecessor-version":[{"id":11501,"href":"https:\/\/partediario.com.ar\/index.php?rest_route=\/wp\/v2\/posts\/11499\/revisions\/11501"}],"wp:featuredmedia":[{"embeddable":true,"href":"https:\/\/partediario.com.ar\/index.php?rest_route=\/wp\/v2\/media\/11500"}],"wp:attachment":[{"href":"https:\/\/partediario.com.ar\/index.php?rest_route=%2Fwp%2Fv2%2Fmedia&parent=11499"}],"wp:term":[{"taxonomy":"category","embeddable":true,"href":"https:\/\/partediario.com.ar\/index.php?rest_route=%2Fwp%2Fv2%2Fcategories&post=11499"},{"taxonomy":"post_tag","embeddable":true,"href":"https:\/\/partediario.com.ar\/index.php?rest_route=%2Fwp%2Fv2%2Ftags&post=11499"}],"curies":[{"name":"wp","href":"https:\/\/api.w.org\/{rel}","templated":true}]}}