{"id":11517,"date":"2025-02-12T19:38:16","date_gmt":"2025-02-12T22:38:16","guid":{"rendered":"https:\/\/partediario.com.ar\/?p=11517"},"modified":"2025-02-14T13:41:07","modified_gmt":"2025-02-14T16:41:07","slug":"se-levanto-el-paro-de-colectivos-que-afectaba-a-cuatro-lineas-del-gran-buenos-aires","status":"publish","type":"post","link":"https:\/\/partediario.com.ar\/?p=11517","title":{"rendered":"Se levant\u00f3 el paro de colectivos que afectaba a cuatro l\u00edneas del Gran Buenos aires"},"content":{"rendered":"\n<h2 class=\"wp-block-heading\">Los empleados de las cinco l\u00edneas de colectivos que protestaban por la falta de salarios, levantaron la medida de fuerza y el servicio ya funciona con total normalidad.<\/h2>\n\n\n\n<p>La medida de fuerza se hab\u00eda iniciado a las 00.00 e involucr\u00f3 a los colectivos de las l\u00edneas 333, 407, 437, 700 y 707, todas pertenecientes a la empresa Micro \u00d3mnibus General San Mart\u00edn (MOGSM S.A.), y concluy\u00f3 en horas de la tarde.<\/p>\n\n\n\n<p>Seg\u00fan se hab\u00eda anunciado a trav\u00e9s de las redes sociales los trabajadores no iban a prestar servicio \u00abpor decisi\u00f3n de los delegados de la empresa por falta de pago de haberes\u00bb.<\/p>\n\n\n\n<p>La medida de fuerza afect\u00f3 a miles de pasajeros que usan los internos que recorren los partidos bonaerenses de San Isidro, Tigre, Vicente L\u00f3pez y Escobar.<\/p>\n","protected":false},"excerpt":{"rendered":"<p>Los empleados de las cinco l&iacute;neas de colectivos que protestaban por la falta de salarios, levantaron la medida de fuerza y el servicio ya funciona con total normalidad. La medida de fuerza se hab&iacute;a iniciado a las 00.00 e involucr&oacute; a los colectivos de las l&iacute;neas 333, 407, 437, 700 y 707, todas pertenecientes a [&hellip;]<\/p>\n","protected":false},"author":2,"featured_media":11518,"comment_status":"open","ping_status":"open","sticky":false,"template":"","format":"standard","meta":{"footnotes":""},"categories":[978,8,726],"tags":[721,1478,5306,1519,5305,691],"class_list":["post-11517","post","type-post","status-publish","format-standard","has-post-thumbnail","hentry","category-gremiales","category-provinciales","category-sociedad","tag-buenos-aires","tag-colectivos","tag-gran","tag-levanto","tag-lineas","tag-paro"],"_links":{"self":[{"href":"https:\/\/partediario.com.ar\/index.php?rest_route=\/wp\/v2\/posts\/11517","targetHints":{"allow":["GET"]}}],"collection":[{"href":"https:\/\/partediario.com.ar\/index.php?rest_route=\/wp\/v2\/posts"}],"about":[{"href":"https:\/\/partediario.com.ar\/index.php?rest_route=\/wp\/v2\/types\/post"}],"author":[{"embeddable":true,"href":"https:\/\/partediario.com.ar\/index.php?rest_route=\/wp\/v2\/users\/2"}],"replies":[{"embeddable":true,"href":"https:\/\/partediario.com.ar\/index.php?rest_route=%2Fwp%2Fv2%2Fcomments&post=11517"}],"version-history":[{"count":1,"href":"https:\/\/partediario.com.ar\/index.php?rest_route=\/wp\/v2\/posts\/11517\/revisions"}],"predecessor-version":[{"id":11519,"href":"https:\/\/partediario.com.ar\/index.php?rest_route=\/wp\/v2\/posts\/11517\/revisions\/11519"}],"wp:featuredmedia":[{"embeddable":true,"href":"https:\/\/partediario.com.ar\/index.php?rest_route=\/wp\/v2\/media\/11518"}],"wp:attachment":[{"href":"https:\/\/partediario.com.ar\/index.php?rest_route=%2Fwp%2Fv2%2Fmedia&parent=11517"}],"wp:term":[{"taxonomy":"category","embeddable":true,"href":"https:\/\/partediario.com.ar\/index.php?rest_route=%2Fwp%2Fv2%2Fcategories&post=11517"},{"taxonomy":"post_tag","embeddable":true,"href":"https:\/\/partediario.com.ar\/index.php?rest_route=%2Fwp%2Fv2%2Ftags&post=11517"}],"curies":[{"name":"wp","href":"https:\/\/api.w.org\/{rel}","templated":true}]}}