{"id":11526,"date":"2025-02-14T13:16:10","date_gmt":"2025-02-14T16:16:10","guid":{"rendered":"https:\/\/partediario.com.ar\/?p=11526"},"modified":"2025-02-17T13:05:00","modified_gmt":"2025-02-17T16:05:00","slug":"internaron-al-papa-francisco-debido-a-una-bronquitis","status":"publish","type":"post","link":"https:\/\/partediario.com.ar\/?p=11526","title":{"rendered":"Internaron al papa Francisco debido a una bronquitis"},"content":{"rendered":"\n<h2 class=\"wp-block-heading\">El papa Francisco fue internado este viernes para realizarse algunos ex\u00e1menes diagn\u00f3sticos necesarios y continuar con un tratamiento debido a una bronquitis.<\/h2>\n\n\n\n<p>\u00abEsta ma\u00f1ana, al t\u00e9rmino de sus audiencias, el papa Francisco ha sido ingresado en el Policl\u00ednico Agostino Gemelli para someterse a algunas pruebas diagn\u00f3sticas necesarias y continuar su tratamiento contra la bronquitis, que sigue en curso, en un ambiente hospitalario\u00bb, confirmaron desde el Vaticano.<\/p>\n\n\n\n<p>Tambi\u00e9n se inform\u00f3 que Francisco, de 88 a\u00f1os, ingres\u00f3 al centro m\u00e9dico despu\u00e9s de sus audiencias matutinas luego de que en los \u00faltimos d\u00edas evidenci\u00f3 dificultades respiratorias y debi\u00f3 solicitar a sus asistentes que leyeran algunos de sus discursos.<\/p>\n\n\n\n<p>El pasado mi\u00e9rcoles, durante su audiencia general en el Vaticano, el Papa le solicit\u00f3 a un sacerdote que continuara con la lectura de su mensaje al se\u00f1alar: \u00abD\u00e9jenme pedirle al padre que contin\u00fae leyendo porque a\u00fan no puedo con mi bronquitis. Espero que la pr\u00f3xima vez pueda\u00bb.<\/p>\n\n\n\n<p>El mismo d\u00eda, a pesar de la molestia, Francisco retom\u00f3 la palabra al final del encuentro para saludar a los peregrinos italianos y renovar su llamado a rezar por la paz mundial.<\/p>\n\n\n\n<p class=\"has-medium-font-size\"><strong>Los rumores<\/strong><\/p>\n\n\n\n<p>Con respecto a este tema, no faltaron los rumores y, seg\u00fan algunos medios internacionales, las noticias emanadas del equipo que atiende al pont\u00edfice argentino, no son las mejores. La versi\u00f3n indicaba que los primeros ex\u00e1menes demostraban que la bronquitis que sufre Francisco es cr\u00f3nica y no responde m\u00e1s a la terapia cortis\u00f3nica.<\/p>\n\n\n\n<p>\u00abEl Papa est\u00e1 complicado de salud por su edad y en el Vaticano ya se habla de una posible sucesi\u00f3n. Todos dicen que antes de fin de a\u00f1o, el Papa renuncia\u00bb, mencion\u00f3 el periodista Guido Gazzoli. Entrevistado por Radio Splendid, destac\u00f3: \u00abDentro de la Iglesia hay una lucha, hace varios a\u00f1os, entre un sector progresista y otro conservador\u00bb.<\/p>\n","protected":false},"excerpt":{"rendered":"<p>El papa Francisco fue internado este viernes para realizarse algunos ex&aacute;menes diagn&oacute;sticos necesarios y continuar con un tratamiento debido a una bronquitis. &laquo;Esta ma&ntilde;ana, al t&eacute;rmino de sus audiencias, el papa Francisco ha sido ingresado en el Policl&iacute;nico Agostino Gemelli para someterse a algunas pruebas diagn&oacute;sticas necesarias y continuar su tratamiento contra la bronquitis, que [&hellip;]<\/p>\n","protected":false},"author":2,"featured_media":11473,"comment_status":"open","ping_status":"open","sticky":false,"template":"","format":"standard","meta":{"footnotes":""},"categories":[9,726],"tags":[5284,2857,336],"class_list":["post-11526","post","type-post","status-publish","format-standard","has-post-thumbnail","hentry","category-internacionales","category-sociedad","tag-bronquitis","tag-internado","tag-papa-francisco"],"_links":{"self":[{"href":"https:\/\/partediario.com.ar\/index.php?rest_route=\/wp\/v2\/posts\/11526","targetHints":{"allow":["GET"]}}],"collection":[{"href":"https:\/\/partediario.com.ar\/index.php?rest_route=\/wp\/v2\/posts"}],"about":[{"href":"https:\/\/partediario.com.ar\/index.php?rest_route=\/wp\/v2\/types\/post"}],"author":[{"embeddable":true,"href":"https:\/\/partediario.com.ar\/index.php?rest_route=\/wp\/v2\/users\/2"}],"replies":[{"embeddable":true,"href":"https:\/\/partediario.com.ar\/index.php?rest_route=%2Fwp%2Fv2%2Fcomments&post=11526"}],"version-history":[{"count":1,"href":"https:\/\/partediario.com.ar\/index.php?rest_route=\/wp\/v2\/posts\/11526\/revisions"}],"predecessor-version":[{"id":11527,"href":"https:\/\/partediario.com.ar\/index.php?rest_route=\/wp\/v2\/posts\/11526\/revisions\/11527"}],"wp:featuredmedia":[{"embeddable":true,"href":"https:\/\/partediario.com.ar\/index.php?rest_route=\/wp\/v2\/media\/11473"}],"wp:attachment":[{"href":"https:\/\/partediario.com.ar\/index.php?rest_route=%2Fwp%2Fv2%2Fmedia&parent=11526"}],"wp:term":[{"taxonomy":"category","embeddable":true,"href":"https:\/\/partediario.com.ar\/index.php?rest_route=%2Fwp%2Fv2%2Fcategories&post=11526"},{"taxonomy":"post_tag","embeddable":true,"href":"https:\/\/partediario.com.ar\/index.php?rest_route=%2Fwp%2Fv2%2Ftags&post=11526"}],"curies":[{"name":"wp","href":"https:\/\/api.w.org\/{rel}","templated":true}]}}