{"id":11533,"date":"2025-02-14T13:34:46","date_gmt":"2025-02-14T16:34:46","guid":{"rendered":"https:\/\/partediario.com.ar\/?p=11533"},"modified":"2025-02-17T13:04:49","modified_gmt":"2025-02-17T16:04:49","slug":"el-nuevo-subsecretario-de-ambiente-reconocio-fallas-en-prevencion-del-fuego-no-lo-hemos-hecho-bien-destaco","status":"publish","type":"post","link":"https:\/\/partediario.com.ar\/?p=11533","title":{"rendered":"El nuevo subsecretario de Ambiente reconoci\u00f3 fallas en prevenci\u00f3n del fuego: \u00abNo lo hemos hecho bien\u00bb, destac\u00f3"},"content":{"rendered":"\n<h2 class=\"wp-block-heading\">El flamante subsecretario de Ambiente de la Naci\u00f3n, Fernando Brom, admiti\u00f3 hoy que en el \u201ctema de bosques y fuegos\u201d hab\u00eda \u201cprioridad cero\u201d durante la gesti\u00f3n anterior y que \u201cevidentemente no se ha hecho bien\u201d el trabajo en la materia.<\/h2>\n\n\n\n<p>Con estas declaraciones, el nuevo funcionario mostr\u00f3 cierto desacuerdo con el presidente Javier Milei, quien en un reciente posteo para contradecir las cr\u00edticas que hab\u00eda expresado la cantante Mar\u00eda Becerra, habl\u00f3 de un \u201cdespliegue enorme que se est\u00e1 haciendo desde el Gobierno nacional en la lucha contra el fuego\u201d.<\/p>\n\n\n\n<p>Para Brom, sin embargo, la gesti\u00f3n contra los incendios tuvo \u201cprioridad cero\u201d antes de su llegada a la subsecretar\u00eda de Ambiente.<\/p>\n\n\n\n<p>\u201cEl tema de bosques y fuegos tiene prioridad cero. Es un tema que es una desgracia no solamente ecol\u00f3gica, sino humana. As\u00ed que que hay que reparar, mitigar y sobre todo prevenir. Y en esto ya se est\u00e1 trabajando transversalmente con otros ministerios. Lo que hay que hacer es tratar de prevenir. Evidentemente no lo hemos hecho bien\u201d, asegur\u00f3.<\/p>\n\n\n\n<p>En declaraciones radiales, Brom subray\u00f3 la \u201cformaci\u00f3n\u201d profesional de su antecesora en el cargo, Ana Lamas, quien renunci\u00f3 en medio de la crisis ambiental por los incendios en la Patagonia, aunque se\u00f1al\u00f3 que la ex funcionaria sufri\u00f3 \u201cun desborde en sus funciones\u00bb por falta de \u00abcomprensi\u00f3n\u00bb.<\/p>\n\n\n\n<p>\u201cTuvo un desborde en sus funciones, posiblemente por la no comprensi\u00f3n de que el tema ambiente no es un tema ideol\u00f3gico, sino que es un tema absolutamente ecol\u00f3gico\u201d, agreg\u00f3.<\/p>\n\n\n\n<p>\u201cEs un derecho humano y una obligaci\u00f3n humana preservarlo y cuidarlo, porque es d\u00f3nde vivimos, es la casa en que vivimos\u201d, destac\u00f3 el ex titular del Instituto Nacional de Asuntos Ind\u00edgenas (INAI).<\/p>\n\n\n\n<p>Desde inicios del a\u00f1o se vienen multiplicando los focos de incendios no controlados en bosques de El Bols\u00f3n y Epuy\u00e9n, en Chubut, y en los parques nacionales Nahuel Huapi y Lan\u00edn, en R\u00edo Negro y Neuqu\u00e9n.<\/p>\n\n\n\n<p>El Gobierno le adjudic\u00f3 la responsabilidad del desastre ambiental a la acci\u00f3n humana de grupos mapuches radicalizados.<\/p>\n\n\n\n<p>\u201cYo vengo de estar un a\u00f1o en la gesti\u00f3n en el INAI y ha habido tambi\u00e9n mucha manipulaci\u00f3n de los temas, no solamente de terrorismo, que ya es extremo, sino de criminalidad, donde tambi\u00e9n eso hay que combatirlo. Yo dir\u00eda que se ideologiza y se politiza\u201d, consider\u00f3 Brom.<\/p>\n\n\n\n<p>\u00abLo que originalmente son derechos humanos se transforman en un negocio. La venta en tala de \u00e1rboles, el incendio de bosques deliberado para poder cambiar la perspectiva de un bosque y transformarlo en una plantaci\u00f3n, en un cultivo. Eso s\u00ed hay que perseguirlo con todos los medios, tanto legales como judiciales\u201d, a\u00f1adi\u00f3 el subsecretario de Ambiente.<\/p>\n","protected":false},"excerpt":{"rendered":"<p>El flamante subsecretario de Ambiente de la Naci&oacute;n, Fernando Brom, admiti&oacute; hoy que en el &ldquo;tema de bosques y fuegos&rdquo; hab&iacute;a &ldquo;prioridad cero&rdquo; durante la gesti&oacute;n anterior y que &ldquo;evidentemente no se ha hecho bien&rdquo; el trabajo en la materia. Con estas declaraciones, el nuevo funcionario mostr&oacute; cierto desacuerdo con el presidente Javier Milei, quien [&hellip;]<\/p>\n","protected":false},"author":2,"featured_media":11534,"comment_status":"open","ping_status":"open","sticky":false,"template":"","format":"standard","meta":{"footnotes":""},"categories":[5,176],"tags":[3903,5314,232,3070,5315],"class_list":["post-11533","post","type-post","status-publish","format-standard","has-post-thumbnail","hentry","category-nacionales","category-politica","tag-ambiente","tag-fernando-brom","tag-javier-milei","tag-maria-becerra","tag-subsecretario"],"_links":{"self":[{"href":"https:\/\/partediario.com.ar\/index.php?rest_route=\/wp\/v2\/posts\/11533","targetHints":{"allow":["GET"]}}],"collection":[{"href":"https:\/\/partediario.com.ar\/index.php?rest_route=\/wp\/v2\/posts"}],"about":[{"href":"https:\/\/partediario.com.ar\/index.php?rest_route=\/wp\/v2\/types\/post"}],"author":[{"embeddable":true,"href":"https:\/\/partediario.com.ar\/index.php?rest_route=\/wp\/v2\/users\/2"}],"replies":[{"embeddable":true,"href":"https:\/\/partediario.com.ar\/index.php?rest_route=%2Fwp%2Fv2%2Fcomments&post=11533"}],"version-history":[{"count":1,"href":"https:\/\/partediario.com.ar\/index.php?rest_route=\/wp\/v2\/posts\/11533\/revisions"}],"predecessor-version":[{"id":11535,"href":"https:\/\/partediario.com.ar\/index.php?rest_route=\/wp\/v2\/posts\/11533\/revisions\/11535"}],"wp:featuredmedia":[{"embeddable":true,"href":"https:\/\/partediario.com.ar\/index.php?rest_route=\/wp\/v2\/media\/11534"}],"wp:attachment":[{"href":"https:\/\/partediario.com.ar\/index.php?rest_route=%2Fwp%2Fv2%2Fmedia&parent=11533"}],"wp:term":[{"taxonomy":"category","embeddable":true,"href":"https:\/\/partediario.com.ar\/index.php?rest_route=%2Fwp%2Fv2%2Fcategories&post=11533"},{"taxonomy":"post_tag","embeddable":true,"href":"https:\/\/partediario.com.ar\/index.php?rest_route=%2Fwp%2Fv2%2Ftags&post=11533"}],"curies":[{"name":"wp","href":"https:\/\/api.w.org\/{rel}","templated":true}]}}