{"id":11536,"date":"2025-02-14T13:40:04","date_gmt":"2025-02-14T16:40:04","guid":{"rendered":"https:\/\/partediario.com.ar\/?p=11536"},"modified":"2025-02-17T13:04:45","modified_gmt":"2025-02-17T16:04:45","slug":"el-gobierno-cruzo-las-criticas-del-futuro-subsecretario-de-ambiente-sobre-la-prevencion-del-fuego","status":"publish","type":"post","link":"https:\/\/partediario.com.ar\/?p=11536","title":{"rendered":"El Gobierno cruz\u00f3 las cr\u00edticas del futuro subsecretario de Ambiente sobre la prevenci\u00f3n del fuego"},"content":{"rendered":"\n<h2 class=\"wp-block-heading\">El Gobierno Nacional le baj\u00f3 el tono a las cr\u00edticas del flamante secretario de Ambiente, Fernando Brom, quien detect\u00f3 fallas en el manejo de la prevenci\u00f3n del fuego, y plantea designarlo en los pr\u00f3ximos d\u00edas\u2026<\/h2>\n\n\n\n<p>El vocero presidencial, Manuel Adorni, indic\u00f3 en la habitual conferencia de prensa: \u201cSon las expresiones de alguien que no se ha interiorizado en la funci\u00f3n y en todo lo que hemos hecho en funci\u00f3n de la cat\u00e1strofe de los incendios\u201d.<\/p>\n\n\n\n<p>\u201cNo es ni m\u00e1s ni menos que eso. Se pondr\u00e1 en contacto con la profundidad del tema porque todav\u00eda no es funcionario, por lo tanto le falta informaci\u00f3n como para poder dar una conclusi\u00f3n certera de lo que ocurre\u201d, agreg\u00f3 ante la consulta de la agencia NA.<\/p>\n\n\n\n<p>Luego de que sonora para reemplazar a Ana Lamas, quien present\u00f3 su renuncia, el empresario reconoci\u00f3 que en el \u201ctema de bosques y fuegos\u201d hab\u00eda \u201cprioridad cero\u201d durante la gesti\u00f3n anterior y que \u201cevidentemente no se ha hecho bien\u201d el trabajo en la materia.<\/p>\n\n\n\n<p>Luego de sus dichos, Adorni argument\u00f3 que Brom \u201ces alguien que todav\u00eda no es funcionario y no ha asumido\u201d -pese a que cumpl\u00eda funciones en la Jefatura de Gabinete-, y desestim\u00f3 sus diferencias. \u201cEs una opini\u00f3n que dio alguien que no ten\u00eda toda la informaci\u00f3n y que ahora la va a tener\u201d, insisti\u00f3 al tiempo que neg\u00f3 que sus dichos hayan contrariado la agenda del presidente Javier Milei.<\/p>\n\n\n\n<p>Si bien sostuvo que su nombramiento \u201ccontin\u00faa en curso\u201d, aclar\u00f3 que como cada designaci\u00f3n, hasta que no est\u00e9 publicada en el Bolet\u00edn Oficial no es confirmada.<\/p>\n\n\n\n<p>Y garantiz\u00f3: \u201cCuando Bron tome conocimiento de c\u00f3mo fuimos manejando todo el tema, la gran cantidad de ayuda y el soporte que hemos dado, en el que respondemos a la solicitud de las distintas jurisdicciones, seguramente tendr\u00e1 una opini\u00f3n m\u00e1s atinada\u201d.<\/p>\n\n\n\n<p class=\"has-medium-font-size\"><strong>La pol\u00edtica de Milei y el mensaje al Gabinete<\/strong><\/p>\n\n\n\n<p>En otro momento de la conferencia, Adorni revel\u00f3 que la filosof\u00eda de permanencia en el Gobierno que pregona el presidente \u201ces clara\u201d y revel\u00f3 que la expresa ante cada reuni\u00f3n de Gabinete. \u201cHay cuestiones que se alejan de la agenda del presidente y cuando hay funcionarios que, con lo que piensan o transmiten se alejan, dan un paso al costado\u201d, sintetiz\u00f3 el vocero.<\/p>\n\n\n\n<p>\u201cEstamos ac\u00e1 para impulsar la agenda del Presidente, que es quien ha ganado las elecciones. Las gan\u00f3 porque tiene una agenda determinada, y es la que tenemos que impulsar, quien no lo haga, tendr\u00e1 que dar un paso al costado\u201d, insisti\u00f3, y agreg\u00f3: \u201cNo tenemos ninguna obligaci\u00f3n de empujar la agenda del Presidente, tendremos la libertad de irnos a nuestras casas y seguir con nuestras vidas\u201d.<\/p>\n\n\n\n<p>En la misma l\u00ednea, y luego de la salida del titular de ANSES, Mariano De Los Heros, por anticipar la reforma previsional, Adorni sostuvo: \u201cEn el mientras tanto, el Presidente tiene muy en l\u00ednea c\u00f3mo son los tiempos y cu\u00e1ndo se van a ir dando cada una de las reformas. Sin conocerlo demasiado, antes de ser candidato, hablaba de reformas de primera, segunda y tercera generaci\u00f3n\u201d.<\/p>\n\n\n\n<p>\u201cUn funcionario de Gobierno no puede hablar sobre temas que desconoce o no maneja perfectamente, pero Bron no es funcionario a\u00fan\u201d, aclar\u00f3, y concluy\u00f3: \u201cHasta que no asuma no lo confirmamos, pero es el posible que sea el nuevo subsecretario\u201d, concluy\u00f3.<\/p>\n","protected":false},"excerpt":{"rendered":"<p>El Gobierno Nacional le baj&oacute; el tono a las cr&iacute;ticas del flamante secretario de Ambiente, Fernando Brom, quien detect&oacute; fallas en el manejo de la prevenci&oacute;n del fuego, y plantea designarlo en los pr&oacute;ximos d&iacute;as&hellip; El vocero presidencial, Manuel Adorni, indic&oacute; en la habitual conferencia de prensa: &ldquo;Son las expresiones de alguien que no se [&hellip;]<\/p>\n","protected":false},"author":2,"featured_media":11234,"comment_status":"open","ping_status":"open","sticky":false,"template":"","format":"standard","meta":{"footnotes":""},"categories":[5,176],"tags":[3903,1461,5316,5314,5317,232,646,5315],"class_list":["post-11536","post","type-post","status-publish","format-standard","has-post-thumbnail","hentry","category-nacionales","category-politica","tag-ambiente","tag-criticas","tag-cuestiono","tag-fernando-brom","tag-futuro","tag-javier-milei","tag-manuel-adorni","tag-subsecretario"],"_links":{"self":[{"href":"https:\/\/partediario.com.ar\/index.php?rest_route=\/wp\/v2\/posts\/11536","targetHints":{"allow":["GET"]}}],"collection":[{"href":"https:\/\/partediario.com.ar\/index.php?rest_route=\/wp\/v2\/posts"}],"about":[{"href":"https:\/\/partediario.com.ar\/index.php?rest_route=\/wp\/v2\/types\/post"}],"author":[{"embeddable":true,"href":"https:\/\/partediario.com.ar\/index.php?rest_route=\/wp\/v2\/users\/2"}],"replies":[{"embeddable":true,"href":"https:\/\/partediario.com.ar\/index.php?rest_route=%2Fwp%2Fv2%2Fcomments&post=11536"}],"version-history":[{"count":1,"href":"https:\/\/partediario.com.ar\/index.php?rest_route=\/wp\/v2\/posts\/11536\/revisions"}],"predecessor-version":[{"id":11537,"href":"https:\/\/partediario.com.ar\/index.php?rest_route=\/wp\/v2\/posts\/11536\/revisions\/11537"}],"wp:featuredmedia":[{"embeddable":true,"href":"https:\/\/partediario.com.ar\/index.php?rest_route=\/wp\/v2\/media\/11234"}],"wp:attachment":[{"href":"https:\/\/partediario.com.ar\/index.php?rest_route=%2Fwp%2Fv2%2Fmedia&parent=11536"}],"wp:term":[{"taxonomy":"category","embeddable":true,"href":"https:\/\/partediario.com.ar\/index.php?rest_route=%2Fwp%2Fv2%2Fcategories&post=11536"},{"taxonomy":"post_tag","embeddable":true,"href":"https:\/\/partediario.com.ar\/index.php?rest_route=%2Fwp%2Fv2%2Ftags&post=11536"}],"curies":[{"name":"wp","href":"https:\/\/api.w.org\/{rel}","templated":true}]}}