{"id":11538,"date":"2025-02-17T12:24:21","date_gmt":"2025-02-17T15:24:21","guid":{"rendered":"https:\/\/partediario.com.ar\/?p=11538"},"modified":"2025-02-19T19:10:24","modified_gmt":"2025-02-19T22:10:24","slug":"el-creador-de-libra-declaro-que-es-la-victima-de-esta-situacion-y-brindo-detalles-de-sus-reuniones","status":"publish","type":"post","link":"https:\/\/partediario.com.ar\/?p=11538","title":{"rendered":"El creador de $LIBRA declar\u00f3 que es \u201cla v\u00edctima de esta situaci\u00f3n\u201d y brind\u00f3 detalles de sus reuniones"},"content":{"rendered":"\n<h2 class=\"wp-block-heading\">Hayden Mark Davis, el creador de la criptomoneda (memecoin) $LIBRA, declar\u00f3 que se siente \u201cla v\u00edctima de esta situaci\u00f3n\u201d y reafirm\u00f3 que era \u201casesor\u201d del presidente de la Naci\u00f3n: \u201cNo soy el protagonista aqu\u00ed, lo hice en nombre de (Javier) Milei\u201d, destac\u00f3.<\/h2>\n\n\n\n<p>Estas palabras surgieron en una entrevista, que le dio ayer por la noche, a Stephen Findeisen (un youtuber estadounidense especializado en criptomonedas) en la que se\u00f1al\u00f3 al Gobierno Nacional por \u201cdejar de apoyar\u201d el proyecto y asegur\u00f3 que devolver\u00e1 el dinero \u201ca los inversores que se vieron afectados\u201d.<\/p>\n\n\n\n<p>\u201cEsto deb\u00eda ser un experimento. (Javier) Milei tiene el deseo de hacer todo p\u00fablico, quiere tokenizar todas las operaciones financieras del pa\u00eds. La idea era experimentar, la apoyaba, pero no quer\u00eda convertirla en su memecoin oficial\u201c, explic\u00f3 Davis.<\/p>\n\n\n\n<p>Adem\u00e1s, se\u00f1al\u00f3 que todav\u00eda espera alg\u00fan llamado que provenga desde el equipo de trabajo del Ejecutivo Nacional, antes de tomar alguna medida al respecto, mientras ratific\u00f3 que era parte del equipo de asesores del Presidente en el \u00e1rea de finanzas digitales.<\/p>\n\n\n\n<p>Davis es fundador de Kelsier Ventures, una empresa que realiza inversiones en el mercado cripto y brinda asesoramiento acerca \u201cdel blockchain, las criptomonedas y la inteligencia artificial\u201d, situaci\u00f3n que era conocida por Milei y su equipo de trabajo.<\/p>\n\n\n\n<p>Y agreg\u00f3 que \u201chay otras personas\u201d que est\u00e1n detr\u00e1s de $LIBRA y que \u00e9l \u201ctoma decisiones sobre lo que ellos quieren hacer\u201d: \u201cNo soy un cerebro maquinando cu\u00e1nto dinero puedo ganar con las inversiones\u201d.<\/p>\n\n\n\n<p>A las 9.45 del d\u00eda de hoy, el presidente Milei lleg\u00f3 a Casa Rosada; a la tarde grabar\u00e1 all\u00ed mismo una entrevista, con el periodista Jonatan Viale, donde explicar\u00e1 su participaci\u00f3n en la promoci\u00f3n de la criptomoneda.<\/p>\n","protected":false},"excerpt":{"rendered":"<p>Hayden Mark Davis, el creador de la criptomoneda (memecoin) $LIBRA, declar&oacute; que se siente &ldquo;la v&iacute;ctima de esta situaci&oacute;n&rdquo; y reafirm&oacute; que era &ldquo;asesor&rdquo; del presidente de la Naci&oacute;n: &ldquo;No soy el protagonista aqu&iacute;, lo hice en nombre de (Javier) Milei&rdquo;, destac&oacute;. Estas palabras surgieron en una entrevista, que le dio ayer por la noche, [&hellip;]<\/p>\n","protected":false},"author":2,"featured_media":11539,"comment_status":"open","ping_status":"open","sticky":false,"template":"","format":"standard","meta":{"footnotes":""},"categories":[5,176,726],"tags":[5319,232,5318,5320],"class_list":["post-11538","post","type-post","status-publish","format-standard","has-post-thumbnail","hentry","category-nacionales","category-politica","category-sociedad","tag-hayden-mark-davis","tag-javier-milei","tag-libra","tag-stephen-findeisen"],"_links":{"self":[{"href":"https:\/\/partediario.com.ar\/index.php?rest_route=\/wp\/v2\/posts\/11538","targetHints":{"allow":["GET"]}}],"collection":[{"href":"https:\/\/partediario.com.ar\/index.php?rest_route=\/wp\/v2\/posts"}],"about":[{"href":"https:\/\/partediario.com.ar\/index.php?rest_route=\/wp\/v2\/types\/post"}],"author":[{"embeddable":true,"href":"https:\/\/partediario.com.ar\/index.php?rest_route=\/wp\/v2\/users\/2"}],"replies":[{"embeddable":true,"href":"https:\/\/partediario.com.ar\/index.php?rest_route=%2Fwp%2Fv2%2Fcomments&post=11538"}],"version-history":[{"count":1,"href":"https:\/\/partediario.com.ar\/index.php?rest_route=\/wp\/v2\/posts\/11538\/revisions"}],"predecessor-version":[{"id":11540,"href":"https:\/\/partediario.com.ar\/index.php?rest_route=\/wp\/v2\/posts\/11538\/revisions\/11540"}],"wp:featuredmedia":[{"embeddable":true,"href":"https:\/\/partediario.com.ar\/index.php?rest_route=\/wp\/v2\/media\/11539"}],"wp:attachment":[{"href":"https:\/\/partediario.com.ar\/index.php?rest_route=%2Fwp%2Fv2%2Fmedia&parent=11538"}],"wp:term":[{"taxonomy":"category","embeddable":true,"href":"https:\/\/partediario.com.ar\/index.php?rest_route=%2Fwp%2Fv2%2Fcategories&post=11538"},{"taxonomy":"post_tag","embeddable":true,"href":"https:\/\/partediario.com.ar\/index.php?rest_route=%2Fwp%2Fv2%2Ftags&post=11538"}],"curies":[{"name":"wp","href":"https:\/\/api.w.org\/{rel}","templated":true}]}}