{"id":11550,"date":"2025-02-17T12:43:23","date_gmt":"2025-02-17T15:43:23","guid":{"rendered":"https:\/\/partediario.com.ar\/?p=11550"},"modified":"2025-02-19T19:10:08","modified_gmt":"2025-02-19T22:10:08","slug":"en-medio-del-escandalo-libra-karina-milei-y-luis-caputo-encabezaron-un-acto-de-afiliacion","status":"publish","type":"post","link":"https:\/\/partediario.com.ar\/?p=11550","title":{"rendered":"En medio del esc\u00e1ndalo $LIBRA Karina Milei y Luis Caputo encabezaron un acto de afiliaci\u00f3n"},"content":{"rendered":"\n<h2 class=\"wp-block-heading\">La secretaria general de la Presidencia, Karina Milei, y el ministro de Econom\u00eda, Luis Caputo, encabezaron un acto de afiliaci\u00f3n de La Libertad Avanza (LLA),en el barrio porte\u00f1o de Palermo.<\/h2>\n\n\n\n<p>Alrededor de las 17.30, los funcionarios nacionales arribaron a la Plaza Seeber para encabezar la actividad partidaria, en una jornada signada por la pol\u00e9mica por la cripto $LIBRA.<\/p>\n\n\n\n<p>Seg\u00fan se supo, estuvo presente adem\u00e1s el bonaerense Sebasti\u00e1n Pareja y el padre del Presidente, Norberto Milei, entre otros.<\/p>\n\n\n\n<p>La hermana del Presidente y el ministro de Econom\u00eda asistieron al evento tras los rumores de cancelaci\u00f3n, a ra\u00edz del esc\u00e1ndalo que se despert\u00f3 por la promoci\u00f3n que hizo Milei en sus redes sociales de una cripto que se capitaliz\u00f3 r\u00e1pidamente y luego se desplom\u00f3, dejando p\u00e9rdidas estimadas en 80 millones de d\u00f3lares.<\/p>\n\n\n\n<p>Los funcionarios estuvieron en todo momento rodeados por un grupo de militantes libertarios que les sirvi\u00f3 de barrera de contenci\u00f3n, para evitar que se acercara la prensa y otros asistentes.<\/p>\n\n\n\n<p>Eso impidi\u00f3 adem\u00e1s, las preguntas sobre la criptomoneda que aviv\u00f3 denuncias contra el jefe de Estado y pedidos de juicio pol\u00edtico de parte de la oposici\u00f3n.<\/p>\n\n\n\n<p>Al bajarse del autom\u00f3vil que los traslad\u00f3, la secretaria general de la Presidencia levant\u00f3 un cartel que le alcanzaron que dec\u00eda: \u201cLas fuerzas del cielo. Virrey del Pino\u201d.<\/p>\n\n\n\n<p>A ambos se los vio todo momento sonrientes, y los militantes los arengaron: \u201cJeeefeeee, Jeeefeeee\u201d, y \u201cToto, Toto\u201d.<\/p>\n\n\n\n<p>Sin referencias a $LIBRA, Karina Milei y Caputo participaron en las actividades de afiliaci\u00f3n y anotaron a quienes quisieron sumarse al partido. Participaron alrededor de 200 personas.<\/p>\n","protected":false},"excerpt":{"rendered":"<p>La secretaria general de la Presidencia, Karina Milei, y el ministro de Econom&iacute;a, Luis Caputo, encabezaron un acto de afiliaci&oacute;n de La Libertad Avanza (LLA),en el barrio porte&ntilde;o de Palermo. Alrededor de las 17.30, los funcionarios nacionales arribaron a la Plaza Seeber para encabezar la actividad partidaria, en una jornada signada por la pol&eacute;mica por [&hellip;]<\/p>\n","protected":false},"author":2,"featured_media":11551,"comment_status":"open","ping_status":"open","sticky":false,"template":"","format":"standard","meta":{"footnotes":""},"categories":[5,176],"tags":[5322,709,5275,2012,232,263,792,3854],"class_list":["post-11550","post","type-post","status-publish","format-standard","has-post-thumbnail","hentry","category-nacionales","category-politica","tag-libra-2","tag-acto","tag-afiliacion","tag-escandalo","tag-javier-milei","tag-karina-milei","tag-luis-caputo","tag-palermo"],"_links":{"self":[{"href":"https:\/\/partediario.com.ar\/index.php?rest_route=\/wp\/v2\/posts\/11550","targetHints":{"allow":["GET"]}}],"collection":[{"href":"https:\/\/partediario.com.ar\/index.php?rest_route=\/wp\/v2\/posts"}],"about":[{"href":"https:\/\/partediario.com.ar\/index.php?rest_route=\/wp\/v2\/types\/post"}],"author":[{"embeddable":true,"href":"https:\/\/partediario.com.ar\/index.php?rest_route=\/wp\/v2\/users\/2"}],"replies":[{"embeddable":true,"href":"https:\/\/partediario.com.ar\/index.php?rest_route=%2Fwp%2Fv2%2Fcomments&post=11550"}],"version-history":[{"count":1,"href":"https:\/\/partediario.com.ar\/index.php?rest_route=\/wp\/v2\/posts\/11550\/revisions"}],"predecessor-version":[{"id":11552,"href":"https:\/\/partediario.com.ar\/index.php?rest_route=\/wp\/v2\/posts\/11550\/revisions\/11552"}],"wp:featuredmedia":[{"embeddable":true,"href":"https:\/\/partediario.com.ar\/index.php?rest_route=\/wp\/v2\/media\/11551"}],"wp:attachment":[{"href":"https:\/\/partediario.com.ar\/index.php?rest_route=%2Fwp%2Fv2%2Fmedia&parent=11550"}],"wp:term":[{"taxonomy":"category","embeddable":true,"href":"https:\/\/partediario.com.ar\/index.php?rest_route=%2Fwp%2Fv2%2Fcategories&post=11550"},{"taxonomy":"post_tag","embeddable":true,"href":"https:\/\/partediario.com.ar\/index.php?rest_route=%2Fwp%2Fv2%2Ftags&post=11550"}],"curies":[{"name":"wp","href":"https:\/\/api.w.org\/{rel}","templated":true}]}}