{"id":11557,"date":"2025-02-17T12:53:58","date_gmt":"2025-02-17T15:53:58","guid":{"rendered":"https:\/\/partediario.com.ar\/?p=11557"},"modified":"2025-02-19T19:09:59","modified_gmt":"2025-02-19T22:09:59","slug":"el-papa-francisco-sufre-una-infeccion-polimicrobiana-del-tracto-respiratorio-indicaron-fuentes-oficiales","status":"publish","type":"post","link":"https:\/\/partediario.com.ar\/?p=11557","title":{"rendered":"El papa Francisco sufre \u201cuna infecci\u00f3n polimicrobiana del tracto respiratorio\u201d, indicaron fuentes oficiales"},"content":{"rendered":"\n<h2 class=\"wp-block-heading\">El papa Francisco sufre \u201cuna infecci\u00f3n polimicrobiana del tracto respiratorio\u201d, seg\u00fan inform\u00f3 este lunes el Vaticano y esto \u201coblig\u00f3 a modificar a\u00fan m\u00e1s la terapia\u201d, mientras que adem\u00e1s que \u201cel cuadro cl\u00ednico complejo requerir\u00e1 una hospitalizaci\u00f3n adecuada\u201d.<\/h2>\n\n\n\n<p>\u201cLos resultados de las pruebas realizadas en los \u00faltimos d\u00edas y hoy han demostrado una infecci\u00f3n polimicrobiana del tracto respiratorio que ha obligado a modificar a\u00fan m\u00e1s la terapia\u201d, se destac\u00f3 en un comunicado,<\/p>\n\n\n\n<p>El mismo dado a conocer desde la Oficina de Prensa de la Santa Sede agreg\u00f3: \u201cTodas las pruebas realizadas hasta el momento son indicativas de un cuadro cl\u00ednico complejo que requerir\u00e1 de un internamiento hospitalario adecuado\u201d.<\/p>\n\n\n\n<p>De este modo, el comunicado actualiz\u00f3 las condiciones de salud del papa Francisco, quien est\u00e1 internado desde el pasado viernes 14 de febrero en el Policl\u00ednico Agostino Gemelli de Roma.<\/p>\n","protected":false},"excerpt":{"rendered":"<p>El papa Francisco sufre &ldquo;una infecci&oacute;n polimicrobiana del tracto respiratorio&rdquo;, seg&uacute;n inform&oacute; este lunes el Vaticano y esto &ldquo;oblig&oacute; a modificar a&uacute;n m&aacute;s la terapia&rdquo;, mientras que adem&aacute;s que &ldquo;el cuadro cl&iacute;nico complejo requerir&aacute; una hospitalizaci&oacute;n adecuada&rdquo;. &ldquo;Los resultados de las pruebas realizadas en los &uacute;ltimos d&iacute;as y hoy han demostrado una infecci&oacute;n polimicrobiana del [&hellip;]<\/p>\n","protected":false},"author":2,"featured_media":11558,"comment_status":"open","ping_status":"open","sticky":false,"template":"","format":"standard","meta":{"footnotes":""},"categories":[9,726],"tags":[5326,336,5327],"class_list":["post-11557","post","type-post","status-publish","format-standard","has-post-thumbnail","hentry","category-internacionales","category-sociedad","tag-infeccion","tag-papa-francisco","tag-polimicrobiana"],"_links":{"self":[{"href":"https:\/\/partediario.com.ar\/index.php?rest_route=\/wp\/v2\/posts\/11557","targetHints":{"allow":["GET"]}}],"collection":[{"href":"https:\/\/partediario.com.ar\/index.php?rest_route=\/wp\/v2\/posts"}],"about":[{"href":"https:\/\/partediario.com.ar\/index.php?rest_route=\/wp\/v2\/types\/post"}],"author":[{"embeddable":true,"href":"https:\/\/partediario.com.ar\/index.php?rest_route=\/wp\/v2\/users\/2"}],"replies":[{"embeddable":true,"href":"https:\/\/partediario.com.ar\/index.php?rest_route=%2Fwp%2Fv2%2Fcomments&post=11557"}],"version-history":[{"count":1,"href":"https:\/\/partediario.com.ar\/index.php?rest_route=\/wp\/v2\/posts\/11557\/revisions"}],"predecessor-version":[{"id":11559,"href":"https:\/\/partediario.com.ar\/index.php?rest_route=\/wp\/v2\/posts\/11557\/revisions\/11559"}],"wp:featuredmedia":[{"embeddable":true,"href":"https:\/\/partediario.com.ar\/index.php?rest_route=\/wp\/v2\/media\/11558"}],"wp:attachment":[{"href":"https:\/\/partediario.com.ar\/index.php?rest_route=%2Fwp%2Fv2%2Fmedia&parent=11557"}],"wp:term":[{"taxonomy":"category","embeddable":true,"href":"https:\/\/partediario.com.ar\/index.php?rest_route=%2Fwp%2Fv2%2Fcategories&post=11557"},{"taxonomy":"post_tag","embeddable":true,"href":"https:\/\/partediario.com.ar\/index.php?rest_route=%2Fwp%2Fv2%2Ftags&post=11557"}],"curies":[{"name":"wp","href":"https:\/\/api.w.org\/{rel}","templated":true}]}}