{"id":11595,"date":"2025-02-20T18:28:47","date_gmt":"2025-02-20T21:28:47","guid":{"rendered":"https:\/\/partediario.com.ar\/?p=11595"},"modified":"2025-02-21T20:26:18","modified_gmt":"2025-02-21T23:26:18","slug":"luego-del-anuncio-de-dos-dias-de-paro-docente-el-gobierno-convoco-a-la-mesa-del-salario","status":"publish","type":"post","link":"https:\/\/partediario.com.ar\/?p=11595","title":{"rendered":"Luego del anuncio de dos d\u00edas de paro docente, el Gobierno convoc\u00f3 a la mesa del salario"},"content":{"rendered":"\n<h2 class=\"wp-block-heading\">Tras el anuncio de dos d\u00edas de paro docente, el Ministerio de Capital Humano convoc\u00f3 para el lunes 24 a la Mesa del Salario M\u00ednimo Docente Garantizado (SMDG), en un encuentro que se realizar\u00e1 a las 15 en la Secretar\u00eda de Trabajo.<\/h2>\n\n\n\n<p>Participar\u00e1n los gremios docentes nacionales, el Consejo Federal de Educaci\u00f3n (CFE), conformado por los ministros de Educaci\u00f3n provinciales, y las asociaciones de escuelas privadas, que tendr\u00e1n voz pero sin voto.<\/p>\n\n\n\n<p>La reuni\u00f3n se enmarca en el di\u00e1logo abierto por las secretar\u00edas de Educaci\u00f3n y Trabajo, en un contexto de negociaci\u00f3n salarial para el sector, indicaron.<\/p>\n\n\n\n<p>Noticia en desarrollo\u2026<\/p>\n","protected":false},"excerpt":{"rendered":"<p>Tras el anuncio de dos d&iacute;as de paro docente, el Ministerio de Capital Humano convoc&oacute; para el lunes 24 a la Mesa del Salario M&iacute;nimo Docente Garantizado (SMDG), en un encuentro que se realizar&aacute; a las 15 en la Secretar&iacute;a de Trabajo. Participar&aacute;n los gremios docentes nacionales, el Consejo Federal de Educaci&oacute;n (CFE), conformado por [&hellip;]<\/p>\n","protected":false},"author":2,"featured_media":11596,"comment_status":"open","ping_status":"open","sticky":false,"template":"","format":"standard","meta":{"footnotes":""},"categories":[978,5],"tags":[2773,224,304,691,1878,5368],"class_list":["post-11595","post","type-post","status-publish","format-standard","has-post-thumbnail","hentry","category-gremiales","category-nacionales","tag-anuncio","tag-gobierno","tag-mesa","tag-paro","tag-salario","tag-smdg"],"_links":{"self":[{"href":"https:\/\/partediario.com.ar\/index.php?rest_route=\/wp\/v2\/posts\/11595","targetHints":{"allow":["GET"]}}],"collection":[{"href":"https:\/\/partediario.com.ar\/index.php?rest_route=\/wp\/v2\/posts"}],"about":[{"href":"https:\/\/partediario.com.ar\/index.php?rest_route=\/wp\/v2\/types\/post"}],"author":[{"embeddable":true,"href":"https:\/\/partediario.com.ar\/index.php?rest_route=\/wp\/v2\/users\/2"}],"replies":[{"embeddable":true,"href":"https:\/\/partediario.com.ar\/index.php?rest_route=%2Fwp%2Fv2%2Fcomments&post=11595"}],"version-history":[{"count":1,"href":"https:\/\/partediario.com.ar\/index.php?rest_route=\/wp\/v2\/posts\/11595\/revisions"}],"predecessor-version":[{"id":11597,"href":"https:\/\/partediario.com.ar\/index.php?rest_route=\/wp\/v2\/posts\/11595\/revisions\/11597"}],"wp:featuredmedia":[{"embeddable":true,"href":"https:\/\/partediario.com.ar\/index.php?rest_route=\/wp\/v2\/media\/11596"}],"wp:attachment":[{"href":"https:\/\/partediario.com.ar\/index.php?rest_route=%2Fwp%2Fv2%2Fmedia&parent=11595"}],"wp:term":[{"taxonomy":"category","embeddable":true,"href":"https:\/\/partediario.com.ar\/index.php?rest_route=%2Fwp%2Fv2%2Fcategories&post=11595"},{"taxonomy":"post_tag","embeddable":true,"href":"https:\/\/partediario.com.ar\/index.php?rest_route=%2Fwp%2Fv2%2Ftags&post=11595"}],"curies":[{"name":"wp","href":"https:\/\/api.w.org\/{rel}","templated":true}]}}