{"id":11614,"date":"2025-02-20T19:02:18","date_gmt":"2025-02-20T22:02:18","guid":{"rendered":"https:\/\/partediario.com.ar\/?p=11614"},"modified":"2025-02-21T20:25:57","modified_gmt":"2025-02-21T23:25:57","slug":"ultimo-parte-medico-del-papa-francisco","status":"publish","type":"post","link":"https:\/\/partediario.com.ar\/?p=11614","title":{"rendered":"\u00daltimo parte m\u00e9dico del Papa Francisco"},"content":{"rendered":"\n<h2 class=\"wp-block-heading\">El papa Francisco muestra una \u00ableve mejor\u00eda\u00bb en su estado de salud, seg\u00fan confirm\u00f3 este jueves el Vaticano. Seg\u00fan el parte m\u00e9dico, el sumo pont\u00edfice no presenta fiebre y sus par\u00e1metros hemodin\u00e1micos se mantienen estables.<\/h2>\n\n\n\n<p>Francisco pas\u00f3 \u00abuna noche tranquila\u00bb y presenta una \u00ableve mejor\u00eda\u00bb con respecto a los d\u00edas anteriores, inform\u00f3 El Vaticano luego de darse a conocer el \u00faltimo parte m\u00e9dico.<\/p>\n\n\n\n<p>\u00abEst\u00e1 afebril (sin fiebre), y sus par\u00e1metros hemodin\u00e1micos permanecen estables\u00bb, precis\u00f3 el informe.<\/p>\n\n\n\n<p>Por la ma\u00f1ana, se se\u00f1al\u00f3 que el Papa se levant\u00f3 y desayun\u00f3 \u00aben el sill\u00f3n\u00bb en la habitaci\u00f3n del Policl\u00ednico Gemelli de Roma, donde se encuentra internado desde el pasado 14 de febrero por una neumon\u00eda bilateral.<\/p>\n\n\n\n<p>\u00abLa noche ha transcurrido tranquila, el Papa se ha levantado y ha desayunado en el sill\u00f3n\u00bb, indic\u00f3 el parte m\u00e9dico que dio a conocer la Oficina de Prensa del Vaticano en la ma\u00f1ana de este jueves.<\/p>\n\n\n\n<p>En el bolet\u00edn m\u00e9dico difundido en la tarde del mi\u00e9rcoles tambi\u00e9n se hab\u00eda se\u00f1alado una \u00abligera mejor\u00eda, en particular de los \u00edndices inflamatorios\u00bb de los an\u00e1lisis de sangre evaluados por el personal m\u00e9dico.<\/p>\n\n\n\n<p>\u00abLas condiciones cl\u00ednicas del Santo Padre se presentan estables. Los an\u00e1lisis de sangre, evaluados por el personal m\u00e9dico, muestran una ligera mejor\u00eda, especialmente en los \u00edndices inflamatorios\u00bb, se detall\u00f3 en el parte.<\/p>\n\n\n\n<p>Mientras que en la tarde del mi\u00e9rcoles el Papa recibi\u00f3 la visita de la primera ministra italiana, Giorgia Meloni, seg\u00fan se inform\u00f3 en una nota de prensa del Palacio Chigi, y la presidente del Consejo de Ministros le expres\u00f3 sus deseos de una pronta recuperaci\u00f3n en nombre del Gobierno italiano y de toda la naci\u00f3n.<\/p>\n\n\n\n<p>\u00abEstoy muy feliz de haberlo encontrado alerta y receptivo. Hemos bromeado como siempre. No ha perdido su proverbial sentido del humor\u00bb, afirm\u00f3 Meloni.<\/p>\n\n\n\n<p>Por su parte, Vatican News asegur\u00f3 que las condiciones de salud del ex arzobispo de Buenos Aires eran \u00abestacionarias\u00bb, al tiempo que en horas de la tarde se conocer\u00e1 otro parte m\u00e9dico.<\/p>\n\n\n\n<p>Adem\u00e1s, el ministro de Sanidad, Orazio Schillaci, manifest\u00f3: \u00abLe deseamos lo mejor al Santo Padre. Sin duda est\u00e1 siendo atendido en un excelente hospital y esperamos que resuelva sus problemas respiratorios lo antes posible\u00bb.<\/p>\n\n\n\n<p>El presidente del CEI, el cardenal Matteo Mar\u00eda Zuppi, en Bolonia se\u00f1al\u00f3 que \u00abtodos est\u00e1n preocupados por la salud del Papa pero las cosas son exactamente las que suceden\u00bb, a la vez que a\u00f1adi\u00f3: \u00abEl hecho de que el Sumo Pont\u00edfice desayunara, leyera los peri\u00f3dicos y recibiera a la gente significa que estamos en la direcci\u00f3n correcta hacia una recuperaci\u00f3n total, que esperamos se produzca pronto\u00bb, finaliz\u00f3.<\/p>\n","protected":false},"excerpt":{"rendered":"<p>El papa Francisco muestra una &laquo;leve mejor&iacute;a&raquo; en su estado de salud, seg&uacute;n confirm&oacute; este jueves el Vaticano. Seg&uacute;n el parte m&eacute;dico, el sumo pont&iacute;fice no presenta fiebre y sus par&aacute;metros hemodin&aacute;micos se mantienen estables. Francisco pas&oacute; &laquo;una noche tranquila&raquo; y presenta una &laquo;leve mejor&iacute;a&raquo; con respecto a los d&iacute;as anteriores, inform&oacute; El Vaticano luego [&hellip;]<\/p>\n","protected":false},"author":2,"featured_media":11615,"comment_status":"open","ping_status":"open","sticky":false,"template":"","format":"standard","meta":{"footnotes":""},"categories":[9,726],"tags":[5379,475,1727,5380,336,727],"class_list":["post-11614","post","type-post","status-publish","format-standard","has-post-thumbnail","hentry","category-internacionales","category-sociedad","tag-leve","tag-medico","tag-mejor","tag-mejoria","tag-papa-francisco","tag-parte"],"_links":{"self":[{"href":"https:\/\/partediario.com.ar\/index.php?rest_route=\/wp\/v2\/posts\/11614","targetHints":{"allow":["GET"]}}],"collection":[{"href":"https:\/\/partediario.com.ar\/index.php?rest_route=\/wp\/v2\/posts"}],"about":[{"href":"https:\/\/partediario.com.ar\/index.php?rest_route=\/wp\/v2\/types\/post"}],"author":[{"embeddable":true,"href":"https:\/\/partediario.com.ar\/index.php?rest_route=\/wp\/v2\/users\/2"}],"replies":[{"embeddable":true,"href":"https:\/\/partediario.com.ar\/index.php?rest_route=%2Fwp%2Fv2%2Fcomments&post=11614"}],"version-history":[{"count":1,"href":"https:\/\/partediario.com.ar\/index.php?rest_route=\/wp\/v2\/posts\/11614\/revisions"}],"predecessor-version":[{"id":11616,"href":"https:\/\/partediario.com.ar\/index.php?rest_route=\/wp\/v2\/posts\/11614\/revisions\/11616"}],"wp:featuredmedia":[{"embeddable":true,"href":"https:\/\/partediario.com.ar\/index.php?rest_route=\/wp\/v2\/media\/11615"}],"wp:attachment":[{"href":"https:\/\/partediario.com.ar\/index.php?rest_route=%2Fwp%2Fv2%2Fmedia&parent=11614"}],"wp:term":[{"taxonomy":"category","embeddable":true,"href":"https:\/\/partediario.com.ar\/index.php?rest_route=%2Fwp%2Fv2%2Fcategories&post=11614"},{"taxonomy":"post_tag","embeddable":true,"href":"https:\/\/partediario.com.ar\/index.php?rest_route=%2Fwp%2Fv2%2Ftags&post=11614"}],"curies":[{"name":"wp","href":"https:\/\/api.w.org\/{rel}","templated":true}]}}