{"id":11624,"date":"2025-02-21T19:47:19","date_gmt":"2025-02-21T22:47:19","guid":{"rendered":"https:\/\/partediario.com.ar\/?p=11624"},"modified":"2025-02-22T21:00:29","modified_gmt":"2025-02-23T00:00:29","slug":"mauricio-macri-apunto-contra-axel-kicillof-donde-pone-la-mano-la-caga","status":"publish","type":"post","link":"https:\/\/partediario.com.ar\/?p=11624","title":{"rendered":"Mauricio Macri apunt\u00f3 contra Axel Kicillof: \u00abDonde pone la mano, la caga\u00bb"},"content":{"rendered":"\n<h2 class=\"wp-block-heading\">El expresidente y referente del PRO, Mauricio Macri, visit\u00f3 la ciudad bonaerense de Arrecifes, donde mantuvo una reuni\u00f3n con el intendente Fernando Bouvier, el diputado Cristian Ritondo y el jefe de Gabinete de Z\u00e1rate, Juan Ignacio Novelli.<\/h2>\n\n\n\n<p>En conferencia de prensa, Macri record\u00f3 su paso por la ciudad cuando era presidente y subray\u00f3 la importancia de la gesti\u00f3n del PRO en distintos distritos. \u00abNo hay una sola ciudad gobernada por el PRO donde las cosas no hayan mejorado. Siempre pensamos en el cambio y en el futuro\u00bb, afirm\u00f3.<\/p>\n\n\n\n<p>Consultado sobre el respaldo de su espacio al oficialismo, Macri neg\u00f3 una alianza electoral inmediata, pero admiti\u00f3 que el PRO mantiene di\u00e1logo con La Libertad Avanza. \u00abEl presidente Milei dijo que quiere una alianza de 10 puntos, pero por ahora no hubo avances concretos\u00bb, destac\u00f3.<\/p>\n\n\n\n<p>El exmandatario adem\u00e1s hizo referencia al pase de intendentes bonaerenses al oficialismo y cuestion\u00f3 la decisi\u00f3n de una de ellas. \u00abEl PRO siempre sostuvo la importancia de la coherencia y la lealtad. No hay explicaci\u00f3n para ciertas decisiones\u00bb, se\u00f1al\u00f3.<\/p>\n\n\n\n<p>En cuanto a la gesti\u00f3n provincial, Macri fue muy critico al referirse a Kicillof: \u00abNunca entend\u00ed qu\u00e9 hace. Donde pone la mano, la caga\u00bb, apunt\u00f3, y cuestion\u00f3 la falta de inversi\u00f3n en infraestructura y seguridad en la provincia.<\/p>\n\n\n\n<p class=\"has-medium-font-size\"><strong>Pol\u00e9mica por la Hidrov\u00eda y el rol de Santiago Caputo<\/strong><\/p>\n\n\n\n<p>Sobre la comisi\u00f3n investigadora de la Hidrov\u00eda impulsada por el oficialismo, Macri calific\u00f3 la medida como una maniobra pol\u00edtica y cuestion\u00f3 a Santiago Caputo, asesor estrella de Milei. \u00abIntentaron hacer una licitaci\u00f3n sin competencia y fracasaron. En nuestro gobierno hicimos cientos de licitaciones, todas transparentes\u00bb, dispar\u00f3.<\/p>\n\n\n\n<p>Tambi\u00e9n se refiri\u00f3 al incidente en la entrevista de Milei en TN y advirti\u00f3 sobre la centralizaci\u00f3n del poder en el actual gobierno. \u00abLas ideas de cambio son buenas, pero si no se implementan, se las lleva el viento\u00bb, finaliz\u00f3.<\/p>\n","protected":false},"excerpt":{"rendered":"<p>El expresidente y referente del PRO, Mauricio Macri, visit&oacute; la ciudad bonaerense de Arrecifes, donde mantuvo una reuni&oacute;n con el intendente Fernando Bouvier, el diputado Cristian Ritondo y el jefe de Gabinete de Z&aacute;rate, Juan Ignacio Novelli. En conferencia de prensa, Macri record&oacute; su paso por la ciudad cuando era presidente y subray&oacute; la importancia [&hellip;]<\/p>\n","protected":false},"author":2,"featured_media":11625,"comment_status":"open","ping_status":"open","sticky":false,"template":"","format":"standard","meta":{"footnotes":""},"categories":[5,176],"tags":[5388,1112,5389,232,1101,1929,5387],"class_list":["post-11624","post","type-post","status-publish","format-standard","has-post-thumbnail","hentry","category-nacionales","category-politica","tag-arrecifes","tag-axel-kicillof","tag-fernando-bouvier","tag-javier-milei","tag-mauricio-macri","tag-santiago-caputo","tag-tn"],"_links":{"self":[{"href":"https:\/\/partediario.com.ar\/index.php?rest_route=\/wp\/v2\/posts\/11624","targetHints":{"allow":["GET"]}}],"collection":[{"href":"https:\/\/partediario.com.ar\/index.php?rest_route=\/wp\/v2\/posts"}],"about":[{"href":"https:\/\/partediario.com.ar\/index.php?rest_route=\/wp\/v2\/types\/post"}],"author":[{"embeddable":true,"href":"https:\/\/partediario.com.ar\/index.php?rest_route=\/wp\/v2\/users\/2"}],"replies":[{"embeddable":true,"href":"https:\/\/partediario.com.ar\/index.php?rest_route=%2Fwp%2Fv2%2Fcomments&post=11624"}],"version-history":[{"count":1,"href":"https:\/\/partediario.com.ar\/index.php?rest_route=\/wp\/v2\/posts\/11624\/revisions"}],"predecessor-version":[{"id":11626,"href":"https:\/\/partediario.com.ar\/index.php?rest_route=\/wp\/v2\/posts\/11624\/revisions\/11626"}],"wp:featuredmedia":[{"embeddable":true,"href":"https:\/\/partediario.com.ar\/index.php?rest_route=\/wp\/v2\/media\/11625"}],"wp:attachment":[{"href":"https:\/\/partediario.com.ar\/index.php?rest_route=%2Fwp%2Fv2%2Fmedia&parent=11624"}],"wp:term":[{"taxonomy":"category","embeddable":true,"href":"https:\/\/partediario.com.ar\/index.php?rest_route=%2Fwp%2Fv2%2Fcategories&post=11624"},{"taxonomy":"post_tag","embeddable":true,"href":"https:\/\/partediario.com.ar\/index.php?rest_route=%2Fwp%2Fv2%2Ftags&post=11624"}],"curies":[{"name":"wp","href":"https:\/\/api.w.org\/{rel}","templated":true}]}}