{"id":11629,"date":"2025-02-21T20:03:58","date_gmt":"2025-02-21T23:03:58","guid":{"rendered":"https:\/\/partediario.com.ar\/?p=11629"},"modified":"2025-02-22T21:00:24","modified_gmt":"2025-02-23T00:00:24","slug":"el-senado-finalmente-convirtio-en-ley-la-suspension-de-las-paso","status":"publish","type":"post","link":"https:\/\/partediario.com.ar\/?p=11629","title":{"rendered":"El Senado finalmente convirti\u00f3 en ley la suspensi\u00f3n de las PASO"},"content":{"rendered":"\n<h2 class=\"wp-block-heading\">Los votos afirmativos partieron del oficialismo y sus aliados. Uni\u00f3n por la Patria vot\u00f3 dividido. De este modo, se votar\u00e1 una sola vez en 2025 para cargos nacionales. La elecci\u00f3n general es el 26 de octubre.<\/h2>\n\n\n\n<p>Con 43 votos a favor, 20 en contra y 6 abstenciones, el Senado convirti\u00f3 en ley la suspensi\u00f3n de las PASO para las elecciones legislativas de este a\u00f1o. Gracias al apoyo de sus aliados del PRO, la UCR y las bancadas provinciales &#8211;y un sector del peronismo&#8211;, el Gobierno obtuvo una nueva victoria en materia legislativa. Si bien el oficialismo no logr\u00f3 su objetivo de m\u00e1xima, que era eliminar las internas definitivamente, consigui\u00f3 que no se lleven a cabo al menos en este 2025.<\/p>\n\n\n\n<p>De esta forma, habr\u00e1 una s\u00f3la elecci\u00f3n, en octubre, en la que se votar\u00e1n senadores y diputados nacionales. El corrimiento del calendario electoral tendr\u00e1 adem\u00e1s un impacto pol\u00edtico. La temporada alta de negociaciones se postergar\u00e1 por unos meses: el cl\u00e1sico cierre de alianzas qued\u00f3 pautado para el 7 de agosto; la presentaci\u00f3n de candidatos, para el 17 del mismo mes; mientras que la campa\u00f1a electoral se pondr\u00e1 en marcha a partir del 27. Las generales ser\u00e1n el 26 de octubre.<\/p>\n\n\n\n<p>La iniciativa fue acompa\u00f1ada por la totalidad del bloque libertario y el PRO, adem\u00e1s del acompa\u00f1amiento parcial de la UCR y los bloques federales que responden a los gobernadores de buen v\u00ednculo con la Rosada. Se plegaron a este lote unos 11 senadores del interbloque de Uni\u00f3n por la Patria, que vot\u00f3 dividido tal como ocurri\u00f3 en Diputados.<\/p>\n\n\n\n<p>En una sesi\u00f3n por dem\u00e1s acalorada, marcada mayormente por el papel\u00f3n del bloque radical a la hora de votar la creaci\u00f3n de una comisi\u00f3n investigadora del cripto esc\u00e1ndalo que sacude al Presidente, la suspensi\u00f3n de las PASO se convirti\u00f3 en una alegr\u00eda para un oficialismo que atraviesa su peor momento pol\u00edtico en meses. Los aliados y los gobernadores, otra vez, salieron a tenderle una mano a Javier Milei en medio de una crisis de grandes proporciones.<\/p>\n","protected":false},"excerpt":{"rendered":"<p>Los votos afirmativos partieron del oficialismo y sus aliados. Uni&oacute;n por la Patria vot&oacute; dividido. De este modo, se votar&aacute; una sola vez en 2025 para cargos nacionales. La elecci&oacute;n general es el 26 de octubre. Con 43 votos a favor, 20 en contra y 6 abstenciones, el Senado convirti&oacute; en ley la suspensi&oacute;n de [&hellip;]<\/p>\n","protected":false},"author":2,"featured_media":11630,"comment_status":"open","ping_status":"open","sticky":false,"template":"","format":"standard","meta":{"footnotes":""},"categories":[5,176],"tags":[1171,1294,230],"class_list":["post-11629","post","type-post","status-publish","format-standard","has-post-thumbnail","hentry","category-nacionales","category-politica","tag-eliminacion","tag-paso","tag-senado"],"_links":{"self":[{"href":"https:\/\/partediario.com.ar\/index.php?rest_route=\/wp\/v2\/posts\/11629","targetHints":{"allow":["GET"]}}],"collection":[{"href":"https:\/\/partediario.com.ar\/index.php?rest_route=\/wp\/v2\/posts"}],"about":[{"href":"https:\/\/partediario.com.ar\/index.php?rest_route=\/wp\/v2\/types\/post"}],"author":[{"embeddable":true,"href":"https:\/\/partediario.com.ar\/index.php?rest_route=\/wp\/v2\/users\/2"}],"replies":[{"embeddable":true,"href":"https:\/\/partediario.com.ar\/index.php?rest_route=%2Fwp%2Fv2%2Fcomments&post=11629"}],"version-history":[{"count":1,"href":"https:\/\/partediario.com.ar\/index.php?rest_route=\/wp\/v2\/posts\/11629\/revisions"}],"predecessor-version":[{"id":11631,"href":"https:\/\/partediario.com.ar\/index.php?rest_route=\/wp\/v2\/posts\/11629\/revisions\/11631"}],"wp:featuredmedia":[{"embeddable":true,"href":"https:\/\/partediario.com.ar\/index.php?rest_route=\/wp\/v2\/media\/11630"}],"wp:attachment":[{"href":"https:\/\/partediario.com.ar\/index.php?rest_route=%2Fwp%2Fv2%2Fmedia&parent=11629"}],"wp:term":[{"taxonomy":"category","embeddable":true,"href":"https:\/\/partediario.com.ar\/index.php?rest_route=%2Fwp%2Fv2%2Fcategories&post=11629"},{"taxonomy":"post_tag","embeddable":true,"href":"https:\/\/partediario.com.ar\/index.php?rest_route=%2Fwp%2Fv2%2Ftags&post=11629"}],"curies":[{"name":"wp","href":"https:\/\/api.w.org\/{rel}","templated":true}]}}