{"id":11632,"date":"2025-02-21T20:09:44","date_gmt":"2025-02-21T23:09:44","guid":{"rendered":"https:\/\/partediario.com.ar\/?p=11632"},"modified":"2025-02-22T21:00:21","modified_gmt":"2025-02-23T00:00:21","slug":"milei-furioso-por-un-telefono-que-no-paraba-de-sonar-durante-su-discurso-en-el-bid-es-un-imbecil-malnacido-disparo","status":"publish","type":"post","link":"https:\/\/partediario.com.ar\/?p=11632","title":{"rendered":"Milei furioso por un tel\u00e9fono que no paraba de sonar durante su discurso en el BID: \u00abEs un imb\u00e9cil malnacido\u00bb, dispar\u00f3"},"content":{"rendered":"\n<h2 class=\"wp-block-heading\">El presidente Javier Milei protagoniz\u00f3 una nueva pol\u00e9mica este mediod\u00eda despu\u00e9s que se viera obligado a interrumpir su exposici\u00f3n en el Banco Interamericano de Desarrollo (BID) debido a que su tel\u00e9fono, con el que uno de sus asesores transmit\u00eda el evento, no paraba de sonar.<\/h2>\n\n\n\n<p>\u00abEs un imb\u00e9cil mal nacido\u00bb, apunt\u00f3 desde el atril, en el marco de su novena visita a Estados Unidos donde participar\u00e1 de una nueva edici\u00f3n de la Conferencia de Acci\u00f3n Pol\u00edtica Conservadora (CPAC) y mantendr\u00e1 una reuni\u00f3n con Elon Musk, en calidad de funcionario, y con la titular del Fondo Monetario Internacional (FMI).<\/p>\n\n\n\n<p>Mientras delimitaba los detalles de su discurso titulado \u201cEl modelo econ\u00f3mico argentino\u201d, el mandatario debi\u00f3 dejar de leer sus escritos para comentar que hab\u00eda un tel\u00e9fono celular sonando.<\/p>\n\n\n\n<p>\u201cEse tel\u00e9fono est\u00e1 terrible. \u00bfEs el m\u00edo, no?\u201d, pregunt\u00f3 entre risas, y despu\u00e9s que uno de sus colaboradores le respondieran que lo llamaban para molestarlo, el libertario sentenci\u00f3: \u201cLo hacen aprop\u00f3sito. Es un imb\u00e9cil mal nacido\u201d.<\/p>\n\n\n\n<p>El auditorio tom\u00f3 con gracia la escena y luego de re\u00edrse del episodio, lo aplaudieron. El aval de los asistentes hizo que el jefe de Estado redoblara la apuesta y recordara el debate presidencial contra el excandidato a presidente, Sergio Massa, en el que cuestion\u00f3 la presencia de \u201ctosedores\u201d que, seg\u00fan expuso, intentaban arruinar su participaci\u00f3n.<\/p>\n\n\n\n<p>\u201cLlaman porque saben que est\u00e1n interrumpiendo la charla. En algunos casos, a esos simp\u00e1ticos que est\u00e1n tratando de interferir le decimos cabeza de pulpo, que tiene el aparato digestivo en la cabeza, y la tiene llena de excremento\u201d, asegur\u00f3, y redobl\u00f3: \u201cPero bueno, de Argentina se puede esperar cualquier cosa\u201d\u2026<\/p>\n\n\n\n<p>Es de p\u00fablico conocimiento la irritabilidad que le genera al mandatario las interrupciones durante sus discursos. No es la primera vez que lo expone, por lo que considera que sus detractores, al corriente de su malestar, buscaron perturbar su desempe\u00f1o. Para su tranquilidad, finalmente sus colaboradores lograr silenciar el dispositivo.<\/p>\n","protected":false},"excerpt":{"rendered":"<p>El presidente Javier Milei protagoniz&oacute; una nueva pol&eacute;mica este mediod&iacute;a despu&eacute;s que se viera obligado a interrumpir su exposici&oacute;n en el Banco Interamericano de Desarrollo (BID) debido a que su tel&eacute;fono, con el que uno de sus asesores transmit&iacute;a el evento, no paraba de sonar. &laquo;Es un imb&eacute;cil mal nacido&raquo;, apunt&oacute; desde el atril, en [&hellip;]<\/p>\n","protected":false},"author":2,"featured_media":11633,"comment_status":"open","ping_status":"open","sticky":false,"template":"","format":"standard","meta":{"footnotes":""},"categories":[5,176],"tags":[1082,2081,5390,5391,232,5392,4438],"class_list":["post-11632","post","type-post","status-publish","format-standard","has-post-thumbnail","hentry","category-nacionales","category-politica","tag-bid","tag-discurso","tag-furioso","tag-imbecil","tag-javier-milei","tag-malnacido","tag-telefono"],"_links":{"self":[{"href":"https:\/\/partediario.com.ar\/index.php?rest_route=\/wp\/v2\/posts\/11632","targetHints":{"allow":["GET"]}}],"collection":[{"href":"https:\/\/partediario.com.ar\/index.php?rest_route=\/wp\/v2\/posts"}],"about":[{"href":"https:\/\/partediario.com.ar\/index.php?rest_route=\/wp\/v2\/types\/post"}],"author":[{"embeddable":true,"href":"https:\/\/partediario.com.ar\/index.php?rest_route=\/wp\/v2\/users\/2"}],"replies":[{"embeddable":true,"href":"https:\/\/partediario.com.ar\/index.php?rest_route=%2Fwp%2Fv2%2Fcomments&post=11632"}],"version-history":[{"count":1,"href":"https:\/\/partediario.com.ar\/index.php?rest_route=\/wp\/v2\/posts\/11632\/revisions"}],"predecessor-version":[{"id":11634,"href":"https:\/\/partediario.com.ar\/index.php?rest_route=\/wp\/v2\/posts\/11632\/revisions\/11634"}],"wp:featuredmedia":[{"embeddable":true,"href":"https:\/\/partediario.com.ar\/index.php?rest_route=\/wp\/v2\/media\/11633"}],"wp:attachment":[{"href":"https:\/\/partediario.com.ar\/index.php?rest_route=%2Fwp%2Fv2%2Fmedia&parent=11632"}],"wp:term":[{"taxonomy":"category","embeddable":true,"href":"https:\/\/partediario.com.ar\/index.php?rest_route=%2Fwp%2Fv2%2Fcategories&post=11632"},{"taxonomy":"post_tag","embeddable":true,"href":"https:\/\/partediario.com.ar\/index.php?rest_route=%2Fwp%2Fv2%2Ftags&post=11632"}],"curies":[{"name":"wp","href":"https:\/\/api.w.org\/{rel}","templated":true}]}}