{"id":11646,"date":"2025-02-22T20:13:52","date_gmt":"2025-02-22T23:13:52","guid":{"rendered":"https:\/\/partediario.com.ar\/?p=11646"},"modified":"2025-02-23T19:27:58","modified_gmt":"2025-02-23T22:27:58","slug":"el-papa-francisco-sigue-en-estado-critico","status":"publish","type":"post","link":"https:\/\/partediario.com.ar\/?p=11646","title":{"rendered":"El Papa Francisco sigue en estado \u00abcr\u00edtico\u00bb"},"content":{"rendered":"\n<h2 class=\"wp-block-heading\">El papa Francisco contin\u00faa en estado cr\u00edtico luego de sufrir una crisis respiratoria asm\u00e1tica prolongada, por lo que requiri\u00f3 la aplicaci\u00f3n de alto flujo de ox\u00edgeno, seg\u00fan el \u00faltimo bolet\u00edn m\u00e9dico difundido por la Sala de Prensa del Vaticano.<\/h2>\n\n\n\n<p>Adem\u00e1s, los an\u00e1lisis de sangre revelaron trombocitopenia, asociada a una anemia, lo que llev\u00f3 a los m\u00e9dicos a administrarle transfusiones de sangre.<\/p>\n\n\n\n<p>El Santo Padre permaneci\u00f3 atento, aunque con mayores dolores que el d\u00eda anterior, y pas\u00f3 la jornada en su sill\u00f3n. No obstante, el parte m\u00e9dico se\u00f1ala que, por el momento, el pron\u00f3stico sigue siendo reservado.<\/p>\n\n\n\n<p>El Pont\u00edfice, de 87 a\u00f1os, se encuentra internado en el hospital Gemelli de Roma, donde recibe tratamiento intensivo. La situaci\u00f3n genera gran preocupaci\u00f3n en el Vaticano, mientras se mantiene la expectativa por su evoluci\u00f3n en las pr\u00f3ximas horas.<\/p>\n\n\n\n<p class=\"has-medium-font-size\"><strong>Qu\u00e9 es la trombocitopenia<\/strong><\/p>\n\n\n\n<p>La trombocitopenia es una afecci\u00f3n m\u00e9dica caracterizada por una disminuci\u00f3n anormal del n\u00famero de plaquetas en la sangre. Las plaquetas (o trombocitos) son c\u00e9lulas sangu\u00edneas esenciales para la coagulaci\u00f3n, ya que ayudan a detener hemorragias formando co\u00e1gulos en los vasos sangu\u00edneos da\u00f1ados.<\/p>\n\n\n\n<p class=\"has-medium-font-size\"><strong>Causas de la trombocitopenia<\/strong><\/p>\n\n\n\n<p class=\"has-medium-font-size\"><strong>Puede originarse por diversos factores, entre ellos:<\/strong><\/p>\n\n\n\n<p>Trastornos de la m\u00e9dula \u00f3sea, como leucemia o insuficiencia medular.<br>Infecciones virales severas, como dengue, hepatitis o VIH.<br>Deficiencias nutricionales, especialmente de vitamina B12 y \u00e1cido f\u00f3lico.<br>Enfermedades autoinmunes, como el lupus o la p\u00farpura trombocitop\u00e9nica idiop\u00e1tica (PTI).<br>Efectos secundarios de medicamentos, como la quimioterapia o ciertos antibi\u00f3ticos.<br>Problemas hep\u00e1ticos o del bazo, que pueden provocar la destrucci\u00f3n de plaquetas.<\/p>\n\n\n\n<p class=\"has-medium-font-size\"><strong>S\u00edntomas<\/strong><\/p>\n\n\n\n<p class=\"has-medium-font-size\"><strong>Los s\u00edntomas pueden variar en intensidad, pero incluyen:<\/strong><\/p>\n\n\n\n<p>Aparici\u00f3n de moretones espont\u00e1neos (equimosis).<br>Sangrado nasal frecuente (epistaxis).<br>Enc\u00edas sangrantes.<br>Puntos rojos en la piel (petequias).<br>Hemorragias prolongadas tras cortes o heridas leves.<br>En casos graves, sangrado interno, que puede manifestarse con sangre en la orina o en las heces.<\/p>\n\n\n\n<p class=\"has-medium-font-size\"><strong>Tratamiento<\/strong><\/p>\n\n\n\n<p>El tratamiento depende de la causa subyacente y de la gravedad de la trombocitopenia. En algunos casos leves, no es necesario tratamiento. Sin embargo, en situaciones m\u00e1s graves, puede requerirse:<\/p>\n\n\n\n<p>Transfusiones de plaquetas.<br>Corticosteroides o inmunosupresores, si la causa es autoinmune.<br>Suspensi\u00f3n de medicamentos que puedan estar afectando la producci\u00f3n de plaquetas.<br>Tratamiento de la enfermedad de base, si la trombocitopenia es secundaria a otra patolog\u00eda.<\/p>\n\n\n\n<p>En el caso del papa Francisco, la trombocitopenia ha sido asociada a anemia, lo que llev\u00f3 a los m\u00e9dicos a administrarle transfusiones de sangre para estabilizar su condici\u00f3n.<\/p>\n","protected":false},"excerpt":{"rendered":"<p>El papa Francisco contin&uacute;a en estado cr&iacute;tico luego de sufrir una crisis respiratoria asm&aacute;tica prolongada, por lo que requiri&oacute; la aplicaci&oacute;n de alto flujo de ox&iacute;geno, seg&uacute;n el &uacute;ltimo bolet&iacute;n m&eacute;dico difundido por la Sala de Prensa del Vaticano. Adem&aacute;s, los an&aacute;lisis de sangre revelaron trombocitopenia, asociada a una anemia, lo que llev&oacute; a los [&hellip;]<\/p>\n","protected":false},"author":2,"featured_media":11647,"comment_status":"open","ping_status":"open","sticky":false,"template":"","format":"standard","meta":{"footnotes":""},"categories":[9,726],"tags":[5406,863,5277,3222,5407],"class_list":["post-11646","post","type-post","status-publish","format-standard","has-post-thumbnail","hentry","category-internacionales","category-sociedad","tag-critico","tag-estado","tag-francisco","tag-papa","tag-trombocitopenia"],"_links":{"self":[{"href":"https:\/\/partediario.com.ar\/index.php?rest_route=\/wp\/v2\/posts\/11646","targetHints":{"allow":["GET"]}}],"collection":[{"href":"https:\/\/partediario.com.ar\/index.php?rest_route=\/wp\/v2\/posts"}],"about":[{"href":"https:\/\/partediario.com.ar\/index.php?rest_route=\/wp\/v2\/types\/post"}],"author":[{"embeddable":true,"href":"https:\/\/partediario.com.ar\/index.php?rest_route=\/wp\/v2\/users\/2"}],"replies":[{"embeddable":true,"href":"https:\/\/partediario.com.ar\/index.php?rest_route=%2Fwp%2Fv2%2Fcomments&post=11646"}],"version-history":[{"count":1,"href":"https:\/\/partediario.com.ar\/index.php?rest_route=\/wp\/v2\/posts\/11646\/revisions"}],"predecessor-version":[{"id":11648,"href":"https:\/\/partediario.com.ar\/index.php?rest_route=\/wp\/v2\/posts\/11646\/revisions\/11648"}],"wp:featuredmedia":[{"embeddable":true,"href":"https:\/\/partediario.com.ar\/index.php?rest_route=\/wp\/v2\/media\/11647"}],"wp:attachment":[{"href":"https:\/\/partediario.com.ar\/index.php?rest_route=%2Fwp%2Fv2%2Fmedia&parent=11646"}],"wp:term":[{"taxonomy":"category","embeddable":true,"href":"https:\/\/partediario.com.ar\/index.php?rest_route=%2Fwp%2Fv2%2Fcategories&post=11646"},{"taxonomy":"post_tag","embeddable":true,"href":"https:\/\/partediario.com.ar\/index.php?rest_route=%2Fwp%2Fv2%2Ftags&post=11646"}],"curies":[{"name":"wp","href":"https:\/\/api.w.org\/{rel}","templated":true}]}}