{"id":11652,"date":"2025-02-22T20:47:46","date_gmt":"2025-02-22T23:47:46","guid":{"rendered":"https:\/\/partediario.com.ar\/?p=11652"},"modified":"2025-02-23T19:27:06","modified_gmt":"2025-02-23T22:27:06","slug":"el-lanzamiento-de-kicillof-genero-desconcierto-en-el-instituto-patria-y-aafirman-que-generara-mas-division-en-el-peronismo","status":"publish","type":"post","link":"https:\/\/partediario.com.ar\/?p=11652","title":{"rendered":"El lanzamiento de Kicillof gener\u00f3 \u00abdesconcierto\u00bb en el Instituto Patria y afirman que generar\u00e1 m\u00e1s divisi\u00f3n en el peronismo"},"content":{"rendered":"\n<h2 class=\"wp-block-heading\">\u00abEn un contexto donde Milei est\u00e1 pagando las consecuencias de errores propios, llamar la atenci\u00f3n con un lanzamiento tan prematuro es hacerle un favor\u00bb, sostuvieron fuentes cercanas a la ex mandataria.<\/h2>\n\n\n\n<p>Desde el Patria se\u00f1alaron que la jugada del gobernador bonaerense s\u00f3lo va a \u00abdesviar la atenci\u00f3n\u00bb para que se vuelva a hablar de candidaturas \u00abtres a\u00f1os antes\u00bb de la elecci\u00f3n presidencial y de \u00abinternas que ya se ven\u00edan \u00abablandando\u00bb.<\/p>\n\n\n\n<p>Cerca de la ex mandataria plantearon que el espacio que impulsa la figura de Kicillof \u00abno trae nada nuevo\u00bb respecto de los actores pol\u00edticos que integran Uni\u00f3n por la Patria. \u00abTermina siendo una fracci\u00f3n m\u00e1s chica\u00bb, destacaron.<\/p>\n\n\n\n<p>\u00abNo suma intendentes que no estuvieran en Uni\u00f3n por la Patria. Deja afuera al massismo, a Grabois y organizaciones que no tienen representaci\u00f3n en ese espacio\u00bb, indicaron en el entorno de CFK.<\/p>\n\n\n\n<p>Adem\u00e1s, precisaron que la estrategia pol\u00edtica del gobernador \u00abatomiza\u00bb el di\u00e1logo parlamentario en la provincia de Buenos Aires. \u00abSuma un pu\u00f1ado de legisladores de las C\u00e1maras de la provincia, que es totalmente minoritario, lo cual, genera el riesgo de que los bloques se fracturen\u00bb, advirtieron en el Patria.<\/p>\n","protected":false},"excerpt":{"rendered":"<p>&laquo;En un contexto donde Milei est&aacute; pagando las consecuencias de errores propios, llamar la atenci&oacute;n con un lanzamiento tan prematuro es hacerle un favor&raquo;, sostuvieron fuentes cercanas a la ex mandataria. Desde el Patria se&ntilde;alaron que la jugada del gobernador bonaerense s&oacute;lo va a &laquo;desviar la atenci&oacute;n&raquo; para que se vuelva a hablar de candidaturas [&hellip;]<\/p>\n","protected":false},"author":2,"featured_media":11653,"comment_status":"open","ping_status":"open","sticky":false,"template":"","format":"standard","meta":{"footnotes":""},"categories":[5,176],"tags":[1112,518,5411,665,5409,232,4090,5410],"class_list":["post-11652","post","type-post","status-publish","format-standard","has-post-thumbnail","hentry","category-nacionales","category-politica","tag-axel-kicillof","tag-cristina-kirchner","tag-desconcierto","tag-espacio","tag-instituto","tag-javier-milei","tag-lanzamiento","tag-patria"],"_links":{"self":[{"href":"https:\/\/partediario.com.ar\/index.php?rest_route=\/wp\/v2\/posts\/11652","targetHints":{"allow":["GET"]}}],"collection":[{"href":"https:\/\/partediario.com.ar\/index.php?rest_route=\/wp\/v2\/posts"}],"about":[{"href":"https:\/\/partediario.com.ar\/index.php?rest_route=\/wp\/v2\/types\/post"}],"author":[{"embeddable":true,"href":"https:\/\/partediario.com.ar\/index.php?rest_route=\/wp\/v2\/users\/2"}],"replies":[{"embeddable":true,"href":"https:\/\/partediario.com.ar\/index.php?rest_route=%2Fwp%2Fv2%2Fcomments&post=11652"}],"version-history":[{"count":2,"href":"https:\/\/partediario.com.ar\/index.php?rest_route=\/wp\/v2\/posts\/11652\/revisions"}],"predecessor-version":[{"id":11661,"href":"https:\/\/partediario.com.ar\/index.php?rest_route=\/wp\/v2\/posts\/11652\/revisions\/11661"}],"wp:featuredmedia":[{"embeddable":true,"href":"https:\/\/partediario.com.ar\/index.php?rest_route=\/wp\/v2\/media\/11653"}],"wp:attachment":[{"href":"https:\/\/partediario.com.ar\/index.php?rest_route=%2Fwp%2Fv2%2Fmedia&parent=11652"}],"wp:term":[{"taxonomy":"category","embeddable":true,"href":"https:\/\/partediario.com.ar\/index.php?rest_route=%2Fwp%2Fv2%2Fcategories&post=11652"},{"taxonomy":"post_tag","embeddable":true,"href":"https:\/\/partediario.com.ar\/index.php?rest_route=%2Fwp%2Fv2%2Ftags&post=11652"}],"curies":[{"name":"wp","href":"https:\/\/api.w.org\/{rel}","templated":true}]}}