{"id":11663,"date":"2025-02-23T18:48:47","date_gmt":"2025-02-23T21:48:47","guid":{"rendered":"https:\/\/partediario.com.ar\/?p=11663"},"modified":"2025-02-23T18:48:47","modified_gmt":"2025-02-23T21:48:47","slug":"el-peronismo-riojano-acompana-a-kicillof-es-el-que-representa-con-mayores-posibilidades-al-espacio-justicialista-senalaron","status":"publish","type":"post","link":"https:\/\/partediario.com.ar\/?p=11663","title":{"rendered":"El peronismo riojano acompa\u00f1a a Kicillof: \u00abEs el que representa con mayores posibilidades al espacio justicialista\u00bb, se\u00f1alaron"},"content":{"rendered":"\n<h2 class=\"wp-block-heading\">El senador Fernando Rejal afirm\u00f3 que el gobernador \u00abtiene el mayor caudal\u00bb de votos, e indic\u00f3 que la sociedad lo ve como \u00abuno de los principales candidatos\u00bb.<\/h2>\n\n\n\n<p>\u201cEl Justicialismo no tiene otra opci\u00f3n que no sea la unidad, y creo que Axel Kicillof es la persona que hoy, en este momento, tiene el mayor caudal o que representa con mayores posibilidades el espacio justicialista\u201d, expres\u00f3 Rejal en una entrevista radial.<\/p>\n\n\n\n<p>Asimismo, el legislador que responde al mandatario provincial Ricardo Quintela, asegur\u00f3: \u201cOjal\u00e1 todos los sectores puedan acompa\u00f1arlo para poder recuperar la senda del triunfo. Creo que la sociedad lo ve a \u00e9l como uno de los potenciales candidatos\u201d.<\/p>\n\n\n\n<p>Y a\u00f1adi\u00f3: \u201cEs uno de los potenciales candidatos que tiene el justicialismo y con mayores chances electorales porque tiene la posibilidad de ingresar otros sectores en el \u00e1mbito nacional\u201d, remarc\u00f3, y en un fuerte mensaje a la interna peronista, se\u00f1al\u00f3: \u201cPero nos necesitamos todos. No enfrentados, ni divididos, porque es indudable que ah\u00ed se menguan las chances electorales\u201d.<\/p>\n\n\n\n<p>En otro pasaje de la entrevista con el periodista Nicol\u00e1s Marsico, el senador de La Rioja cuestion\u00f3 a la Uni\u00f3n C\u00edvica Radical que, despu\u00e9s de haber enviado un proyecto para conformar una comisi\u00f3n investigadora que determine el rol del presidente Javier Milei en el criptogate, vot\u00f3 en contra del mismo.<\/p>\n\n\n\n<p>Diferenci\u00f3 adem\u00e1sel pedido de investigaci\u00f3n judicial del de juicio pol\u00edtico, y asever\u00f3 que el segundo no contar\u00e1 con las voluntades necesarias para su concreci\u00f3n aunque se mostr\u00f3 cauteloso de opinar. \u201cAl ser nosotros la C\u00e1mara Juzgadora y ser la C\u00e1mara de Diputados la que instruye, la que investiga y lo pasa, creo que es prematuro por ah\u00ed emitir una opini\u00f3n en ese sentido\u201d, argument\u00f3.<\/p>\n\n\n\n<p>Finalizando, se\u00f1al\u00f3 que el Senado tomar\u00e1 una decisi\u00f3n respecto a los pliegos de los jueces Ariel Lijo y Manuel Garc\u00eda Mansilla que envi\u00f3 el Poder Ejecutivo para sumar a la Corte Suprema, y consider\u00f3 que ambos ser\u00e1n aprobados, de ser presentados en las sesiones extraordinarias.<\/p>\n\n\n\n<p>\u201cEn principio no avalo que vayan por decreto, si estuviera el mecanismo funcionando y nos hubi\u00e9ramos reunido para tratarlo a los pliegos, pero no lo hemos hecho\u201d, expres\u00f3, y finaliz\u00f3: \u201cSeguramente el Ejecutivo habr\u00e1 de tomar esa decisi\u00f3n. Sucede lo mismo despu\u00e9s, tendremos que ratificarlo o no. Lo que no puede dejar de haber es la administraci\u00f3n de justicia en la Rep\u00fablica Argentina\u201d.<\/p>\n","protected":false},"excerpt":{"rendered":"<p>El senador Fernando Rejal afirm&oacute; que el gobernador &laquo;tiene el mayor caudal&raquo; de votos, e indic&oacute; que la sociedad lo ve como &laquo;uno de los principales candidatos&raquo;. &ldquo;El Justicialismo no tiene otra opci&oacute;n que no sea la unidad, y creo que Axel Kicillof es la persona que hoy, en este momento, tiene el mayor caudal [&hellip;]<\/p>\n","protected":false},"author":2,"featured_media":11664,"comment_status":"open","ping_status":"open","sticky":false,"template":"","format":"standard","meta":{"footnotes":""},"categories":[5,176],"tags":[1112,5415],"class_list":["post-11663","post","type-post","status-publish","format-standard","has-post-thumbnail","hentry","category-nacionales","category-politica","tag-axel-kicillof","tag-fernando-rejal"],"_links":{"self":[{"href":"https:\/\/partediario.com.ar\/index.php?rest_route=\/wp\/v2\/posts\/11663","targetHints":{"allow":["GET"]}}],"collection":[{"href":"https:\/\/partediario.com.ar\/index.php?rest_route=\/wp\/v2\/posts"}],"about":[{"href":"https:\/\/partediario.com.ar\/index.php?rest_route=\/wp\/v2\/types\/post"}],"author":[{"embeddable":true,"href":"https:\/\/partediario.com.ar\/index.php?rest_route=\/wp\/v2\/users\/2"}],"replies":[{"embeddable":true,"href":"https:\/\/partediario.com.ar\/index.php?rest_route=%2Fwp%2Fv2%2Fcomments&post=11663"}],"version-history":[{"count":1,"href":"https:\/\/partediario.com.ar\/index.php?rest_route=\/wp\/v2\/posts\/11663\/revisions"}],"predecessor-version":[{"id":11665,"href":"https:\/\/partediario.com.ar\/index.php?rest_route=\/wp\/v2\/posts\/11663\/revisions\/11665"}],"wp:featuredmedia":[{"embeddable":true,"href":"https:\/\/partediario.com.ar\/index.php?rest_route=\/wp\/v2\/media\/11664"}],"wp:attachment":[{"href":"https:\/\/partediario.com.ar\/index.php?rest_route=%2Fwp%2Fv2%2Fmedia&parent=11663"}],"wp:term":[{"taxonomy":"category","embeddable":true,"href":"https:\/\/partediario.com.ar\/index.php?rest_route=%2Fwp%2Fv2%2Fcategories&post=11663"},{"taxonomy":"post_tag","embeddable":true,"href":"https:\/\/partediario.com.ar\/index.php?rest_route=%2Fwp%2Fv2%2Ftags&post=11663"}],"curies":[{"name":"wp","href":"https:\/\/api.w.org\/{rel}","templated":true}]}}