{"id":11669,"date":"2025-02-23T19:01:43","date_gmt":"2025-02-23T22:01:43","guid":{"rendered":"https:\/\/partediario.com.ar\/?p=11669"},"modified":"2025-02-24T14:58:14","modified_gmt":"2025-02-24T17:58:14","slug":"pilar-ramirez-cruzo-a-macri-que-se-dedique-a-ayudar-a-su-primo-que-tiene-bastantes-problemas-en-la-ciudad-senalo","status":"publish","type":"post","link":"https:\/\/partediario.com.ar\/?p=11669","title":{"rendered":"Pilar Ram\u00edrez cruz\u00f3 a Macri: \u00abQue se dedique a ayudar a su primo, que tiene bastantes problemas en la Ciudad\u00bb, se\u00f1al\u00f3"},"content":{"rendered":"\n<h2 class=\"wp-block-heading\">La jefa de bloque de La Libertad Avanza en la Legislatura porte\u00f1a, la ex camporista Pilar Ram\u00edrez, contest\u00f3 con dureza al expresidente Mauricio Macri tras aconsejarle que \u201cse dedique a ayudar a su primo\u201d, Jorge Macri, al que le atribuyen errores en la gesti\u00f3n de la Ciudad de Buenos Aires.<\/h2>\n\n\n\n<p>\u201cLe dir\u00eda al expresidente que se dedique a ayudar a su primo, que tiene bastantes problemas en la Ciudad. Si quiere dar consejos, entonces le d\u00e9 consejo a su espacio, ayude a su primo y a las personas que su primo ha puesto en los ministerios\u201d, indic\u00f3 en una salida radial.<\/p>\n\n\n\n<p>Y agreg\u00f3: \u201cTraten de demostrar cu\u00e1l es el rumbo que quieren para la Ciudad, que la verdad estamos bastante a la deriva. Cada vez m\u00e1s sucia, cada vez m\u00e1s insegura, es el \u00fanico Jefe de Gobierno que no van a inaugurar un metro de subte\u00bb.<\/p>\n\n\n\n<p>Sus dichos hacen referencia a las nuevas cr\u00edticas del exmandatario direccionadas al entorno de Milei, con especial \u00e9nfasis en el asesor presidencial, Santiago Caputo, al que acus\u00f3 de haber realizado una licitaci\u00f3n espuria de la Hidrov\u00eda. \u00abMe parece que tiene mucho de lo que ocuparse, m\u00e1s que ocuparse de un gobierno que est\u00e1 d\u00e1ndole lucha a la inflaci\u00f3n, al d\u00e9ficit fiscal, a la seguridad, que despu\u00e9s de 17 a\u00f1os pudimos terminar con los piquetes en la Ciudad\u201d, dispar\u00f3 Ram\u00edrez.<\/p>\n\n\n\n<p>Adem\u00e1s, la legisladora critic\u00f3 al ministro de Seguridad porte\u00f1o, Waldo Wolff, al que apod\u00f3 \u201cministro de Inseguridad\u201d, y lo responsabiliz\u00f3 de perseguir intereses electorales que hacen descuidar su agenda de gesti\u00f3n.<\/p>\n\n\n\n<p>\u201cUn ministro al que se les tapan todos los d\u00edas presos y que est\u00e1 m\u00e1s interesado por ver c\u00f3mo mide, no est\u00e1 a la altura de ser ministro de seguridad. Si no era por Jorge Macri estaba para quedarse en su casa. Que se quede en su casa y no se haga bien a los porte\u00f1os\u201d, afirm\u00f3.<\/p>\n\n\n\n<p>En otro momento de la entrevista, la dirigente que responde a Karina Milei sostuvo que el modelo del PRO en CABA \u201cest\u00e1 agotado\u201d y anticip\u00f3 \u201cun fin de ciclo\u201d del partido fundado por Macri. \u201cInvito a cualquiera de los porte\u00f1os a caminar por la ciudad de Buenos Aires y se van a dar cuenta que la ciudad no est\u00e1 limpia, que se le escapan los presos, as\u00ed que me parece que tenemos derecho tambi\u00e9n a que se escuchen nuestras ideas y a que podamos contar qu\u00e9 es lo que nosotros queremos\u201d, se\u00f1al\u00f3.<\/p>\n\n\n\n<p>Finalizanda y consultada por la posibilidad de cerrar un acuerdo electoral con la fuerza amarilla, la dirigente libertaria contest\u00f3 que ser\u00e1 el presidente Javier Milei el encargado de decidir, aunque aclar\u00f3 que el PRO debiera acordar en la necesidad de reducir el Estado y escuchar los pedidos del Gobierno.<\/p>\n\n\n\n<p>\u201cNinguno de los puntos que hemos puesto sobre la mesa para trabajar han sido escuchados, como la ley bases, el RIGI, el blanqueo o tantos proyectos que hemos presentado a la ciudad y que el jefe de gobierno tampoco ha querido tratarlos, con lo cual nosotros tambi\u00e9n podemos expresar ese destrato\u201d, asegur\u00f3, y finaliz\u00f3: \u201cPodemos trabajar, pero no es algo que estemos pensando, todav\u00eda hay tiempo. Se va a decidir en el partido, puertas adentro, y confiamos en el criterio del Presidente y de Karina\u201d.<\/p>\n","protected":false},"excerpt":{"rendered":"<p>La jefa de bloque de La Libertad Avanza en la Legislatura porte&ntilde;a, la ex camporista Pilar Ram&iacute;rez, contest&oacute; con dureza al expresidente Mauricio Macri tras aconsejarle que &ldquo;se dedique a ayudar a su primo&rdquo;, Jorge Macri, al que le atribuyen errores en la gesti&oacute;n de la Ciudad de Buenos Aires. &ldquo;Le dir&iacute;a al expresidente que [&hellip;]<\/p>\n","protected":false},"author":2,"featured_media":11670,"comment_status":"open","ping_status":"open","sticky":false,"template":"","format":"standard","meta":{"footnotes":""},"categories":[5,176],"tags":[232,1114,393,1101,392,1929],"class_list":["post-11669","post","type-post","status-publish","format-standard","has-post-thumbnail","hentry","category-nacionales","category-politica","tag-javier-milei","tag-jorge-macri","tag-lla","tag-mauricio-macri","tag-pilar-ramirez","tag-santiago-caputo"],"_links":{"self":[{"href":"https:\/\/partediario.com.ar\/index.php?rest_route=\/wp\/v2\/posts\/11669","targetHints":{"allow":["GET"]}}],"collection":[{"href":"https:\/\/partediario.com.ar\/index.php?rest_route=\/wp\/v2\/posts"}],"about":[{"href":"https:\/\/partediario.com.ar\/index.php?rest_route=\/wp\/v2\/types\/post"}],"author":[{"embeddable":true,"href":"https:\/\/partediario.com.ar\/index.php?rest_route=\/wp\/v2\/users\/2"}],"replies":[{"embeddable":true,"href":"https:\/\/partediario.com.ar\/index.php?rest_route=%2Fwp%2Fv2%2Fcomments&post=11669"}],"version-history":[{"count":1,"href":"https:\/\/partediario.com.ar\/index.php?rest_route=\/wp\/v2\/posts\/11669\/revisions"}],"predecessor-version":[{"id":11671,"href":"https:\/\/partediario.com.ar\/index.php?rest_route=\/wp\/v2\/posts\/11669\/revisions\/11671"}],"wp:featuredmedia":[{"embeddable":true,"href":"https:\/\/partediario.com.ar\/index.php?rest_route=\/wp\/v2\/media\/11670"}],"wp:attachment":[{"href":"https:\/\/partediario.com.ar\/index.php?rest_route=%2Fwp%2Fv2%2Fmedia&parent=11669"}],"wp:term":[{"taxonomy":"category","embeddable":true,"href":"https:\/\/partediario.com.ar\/index.php?rest_route=%2Fwp%2Fv2%2Fcategories&post=11669"},{"taxonomy":"post_tag","embeddable":true,"href":"https:\/\/partediario.com.ar\/index.php?rest_route=%2Fwp%2Fv2%2Ftags&post=11669"}],"curies":[{"name":"wp","href":"https:\/\/api.w.org\/{rel}","templated":true}]}}