{"id":11675,"date":"2025-02-23T19:13:58","date_gmt":"2025-02-23T22:13:58","guid":{"rendered":"https:\/\/partediario.com.ar\/?p=11675"},"modified":"2025-02-24T14:58:07","modified_gmt":"2025-02-24T17:58:07","slug":"buscan-intensamente-a-liam-en-cordoba-tiene-3-anos-y-permanece-desaparecido-desde-el-sabado","status":"publish","type":"post","link":"https:\/\/partediario.com.ar\/?p=11675","title":{"rendered":"Buscan intensamente a Liam en C\u00f3rdoba: tiene 3 a\u00f1os y permanece desaparecido desde el s\u00e1bado"},"content":{"rendered":"\n<h2 class=\"wp-block-heading\">Liam Fael Flores Soraire, de tan solo tres a\u00f1os, ha desaparecido en la localidad de Ballesteros Sud, C\u00f3rdoba. El ni\u00f1o fue visto por \u00faltima vez el s\u00e1bado cerca de las 15, cuando sali\u00f3 a jugar al patio de su casa.<\/h2>\n\n\n\n<p>La Fiscal\u00eda de Instrucci\u00f3n de Bell Ville ha ordenado una b\u00fasqueda intensiva. Liam es de tez trigue\u00f1a, tiene cabello corto y negro, y mide aproximadamente 90 cent\u00edmetros. Al momento de su desaparici\u00f3n, vest\u00eda un pantal\u00f3n corto azul, y se destaca que no llevaba camisa ni calzado.<\/p>\n\n\n\n<p><\/p>\n\n\n\n<figure class=\"wp-block-image size-full\"><img loading=\"lazy\" decoding=\"async\" width=\"960\" height=\"720\" src=\"https:\/\/partediario.com.ar\/wp-content\/uploads\/720-3-1-1.webp\" alt=\"\" class=\"wp-image-11677\" srcset=\"https:\/\/partediario.com.ar\/wp-content\/uploads\/720-3-1-1.webp 960w, https:\/\/partediario.com.ar\/wp-content\/uploads\/720-3-1-1-300x225.webp 300w, https:\/\/partediario.com.ar\/wp-content\/uploads\/720-3-1-1-768x576.webp 768w\" sizes=\"auto, (max-width: 960px) 100vw, 960px\" \/><\/figure>\n\n\n\n<p><\/p>\n\n\n\n<p>Liam vive con su familia en una zona rural de Ballesteros Sud, donde varias familias de origen boliviano trabajan en un cortadero de ladrillos. La localidad se encuentra en el departamento Uni\u00f3n, en cercan\u00edas de la ruta 9, entre Bell Ville y Villa Mar\u00eda.<\/p>\n\n\n\n<p>Un amplio operativo de b\u00fasqueda se despleg\u00f3, con la participaci\u00f3n de efectivos de la Departamental Uni\u00f3n, DUAR, Patrulla Rural y Bomberos Voluntarios. El rastrillaje se concentra en diversos sectores de la zona.<\/p>\n\n\n\n<p>\u201cEn la localidad de Ballesteros Sud, se lleva adelante un operativo de b\u00fasqueda de un ni\u00f1o de 3 a\u00f1os de edad, quien se encuentra desaparecido desde la jornada de ayer\u201d, inform\u00f3 este domingo la Polic\u00eda de C\u00f3rdoba.<\/p>\n\n\n\n<p>\u201cSe solicita a la comunidad que cualquier informaci\u00f3n relevante sea comunicada a la Fiscal\u00eda de Bell Ville a los tel\u00e9fonos 03537 450010 o 03537 450013, al 911 o 101 de emergencias, o en cualquier sede policial o judicial\u201d, indica el comunicado de la Fiscal\u00eda.<\/p>\n","protected":false},"excerpt":{"rendered":"<p>Liam Fael Flores Soraire, de tan solo tres a&ntilde;os, ha desaparecido en la localidad de Ballesteros Sud, C&oacute;rdoba. El ni&ntilde;o fue visto por &uacute;ltima vez el s&aacute;bado cerca de las 15, cuando sali&oacute; a jugar al patio de su casa. La Fiscal&iacute;a de Instrucci&oacute;n de Bell Ville ha ordenado una b&uacute;squeda intensiva. Liam es de [&hellip;]<\/p>\n","protected":false},"author":2,"featured_media":11676,"comment_status":"open","ping_status":"open","sticky":false,"template":"","format":"standard","meta":{"footnotes":""},"categories":[7,8],"tags":[5421,3665,303,5420,438],"class_list":["post-11675","post","type-post","status-publish","format-standard","has-post-thumbnail","hentry","category-policiales","category-provinciales","tag-ballesteros-sud","tag-buscan","tag-cordoba","tag-liam-fael-flores-soraire","tag-policiales"],"_links":{"self":[{"href":"https:\/\/partediario.com.ar\/index.php?rest_route=\/wp\/v2\/posts\/11675","targetHints":{"allow":["GET"]}}],"collection":[{"href":"https:\/\/partediario.com.ar\/index.php?rest_route=\/wp\/v2\/posts"}],"about":[{"href":"https:\/\/partediario.com.ar\/index.php?rest_route=\/wp\/v2\/types\/post"}],"author":[{"embeddable":true,"href":"https:\/\/partediario.com.ar\/index.php?rest_route=\/wp\/v2\/users\/2"}],"replies":[{"embeddable":true,"href":"https:\/\/partediario.com.ar\/index.php?rest_route=%2Fwp%2Fv2%2Fcomments&post=11675"}],"version-history":[{"count":1,"href":"https:\/\/partediario.com.ar\/index.php?rest_route=\/wp\/v2\/posts\/11675\/revisions"}],"predecessor-version":[{"id":11678,"href":"https:\/\/partediario.com.ar\/index.php?rest_route=\/wp\/v2\/posts\/11675\/revisions\/11678"}],"wp:featuredmedia":[{"embeddable":true,"href":"https:\/\/partediario.com.ar\/index.php?rest_route=\/wp\/v2\/media\/11676"}],"wp:attachment":[{"href":"https:\/\/partediario.com.ar\/index.php?rest_route=%2Fwp%2Fv2%2Fmedia&parent=11675"}],"wp:term":[{"taxonomy":"category","embeddable":true,"href":"https:\/\/partediario.com.ar\/index.php?rest_route=%2Fwp%2Fv2%2Fcategories&post=11675"},{"taxonomy":"post_tag","embeddable":true,"href":"https:\/\/partediario.com.ar\/index.php?rest_route=%2Fwp%2Fv2%2Ftags&post=11675"}],"curies":[{"name":"wp","href":"https:\/\/api.w.org\/{rel}","templated":true}]}}