{"id":11684,"date":"2025-02-23T19:25:35","date_gmt":"2025-02-23T22:25:35","guid":{"rendered":"https:\/\/partediario.com.ar\/?p=11684"},"modified":"2025-02-24T14:57:56","modified_gmt":"2025-02-24T17:57:56","slug":"se-produjo-un-sismo-de-magnitud-53-en-la-provincia-amazonica-de-ecuador","status":"publish","type":"post","link":"https:\/\/partediario.com.ar\/?p=11684","title":{"rendered":"Se produjo un sismo de magnitud 5,3 en la provincia amaz\u00f3nica de Ecuador"},"content":{"rendered":"\n<h2 class=\"wp-block-heading\">Hasta el momento, las autoridades no han reportado posibles v\u00edctimas ni da\u00f1os materiales debido al temblor.<\/h2>\n\n\n\n<p>Un sismo de magnitud 5,3 en la escala de Richter se registr\u00f3 hoy domingo en la ciudad de Tena, capital de la provincia amaz\u00f3nica de Napo, en el centro norte de Ecuador, inform\u00f3 el Instituto Geof\u00edsico del pa\u00eds sudamericano.<\/p>\n\n\n\n<p>El movimiento tel\u00farico se produjo a las 02:25 hora local, a una profundidad de 17 kil\u00f3metros y a 30,45 kil\u00f3metros de Tena, precis\u00f3 el organismo en su cuenta de la red social X.<\/p>\n\n\n\n<p>Hasta ahora, las autoridades no han reportado posibles v\u00edctimas ni da\u00f1os materiales a causa del temblor.<\/p>\n\n\n\n<p>El sismo fue sentido en ciudades centrales del pa\u00eds como Ambato y Guaranda, seg\u00fan reportes de medios locales difundidos en redes sociales.<\/p>\n\n\n\n<p>Fuente: (Xinhua).<\/p>\n","protected":false},"excerpt":{"rendered":"<p>Hasta el momento, las autoridades no han reportado posibles v&iacute;ctimas ni da&ntilde;os materiales debido al temblor. Un sismo de magnitud 5,3 en la escala de Richter se registr&oacute; hoy domingo en la ciudad de Tena, capital de la provincia amaz&oacute;nica de Napo, en el centro norte de Ecuador, inform&oacute; el Instituto Geof&iacute;sico del pa&iacute;s sudamericano. [&hellip;]<\/p>\n","protected":false},"author":2,"featured_media":11685,"comment_status":"open","ping_status":"open","sticky":false,"template":"","format":"standard","meta":{"footnotes":""},"categories":[9],"tags":[5429,1377,496,5428],"class_list":["post-11684","post","type-post","status-publish","format-standard","has-post-thumbnail","hentry","category-internacionales","tag-amazonica","tag-ecuador","tag-provincia","tag-sismo"],"_links":{"self":[{"href":"https:\/\/partediario.com.ar\/index.php?rest_route=\/wp\/v2\/posts\/11684","targetHints":{"allow":["GET"]}}],"collection":[{"href":"https:\/\/partediario.com.ar\/index.php?rest_route=\/wp\/v2\/posts"}],"about":[{"href":"https:\/\/partediario.com.ar\/index.php?rest_route=\/wp\/v2\/types\/post"}],"author":[{"embeddable":true,"href":"https:\/\/partediario.com.ar\/index.php?rest_route=\/wp\/v2\/users\/2"}],"replies":[{"embeddable":true,"href":"https:\/\/partediario.com.ar\/index.php?rest_route=%2Fwp%2Fv2%2Fcomments&post=11684"}],"version-history":[{"count":1,"href":"https:\/\/partediario.com.ar\/index.php?rest_route=\/wp\/v2\/posts\/11684\/revisions"}],"predecessor-version":[{"id":11686,"href":"https:\/\/partediario.com.ar\/index.php?rest_route=\/wp\/v2\/posts\/11684\/revisions\/11686"}],"wp:featuredmedia":[{"embeddable":true,"href":"https:\/\/partediario.com.ar\/index.php?rest_route=\/wp\/v2\/media\/11685"}],"wp:attachment":[{"href":"https:\/\/partediario.com.ar\/index.php?rest_route=%2Fwp%2Fv2%2Fmedia&parent=11684"}],"wp:term":[{"taxonomy":"category","embeddable":true,"href":"https:\/\/partediario.com.ar\/index.php?rest_route=%2Fwp%2Fv2%2Fcategories&post=11684"},{"taxonomy":"post_tag","embeddable":true,"href":"https:\/\/partediario.com.ar\/index.php?rest_route=%2Fwp%2Fv2%2Ftags&post=11684"}],"curies":[{"name":"wp","href":"https:\/\/api.w.org\/{rel}","templated":true}]}}