{"id":11703,"date":"2025-02-24T14:43:17","date_gmt":"2025-02-24T17:43:17","guid":{"rendered":"https:\/\/partediario.com.ar\/?p=11703"},"modified":"2025-02-25T18:13:50","modified_gmt":"2025-02-25T21:13:50","slug":"patricia-bullrich-critico-a-jorge-macri-por-los-presos-en-la-ciudad","status":"publish","type":"post","link":"https:\/\/partediario.com.ar\/?p=11703","title":{"rendered":"Patricia Bullrich critic\u00f3 a Jorge Macri por los presos en la Ciudad"},"content":{"rendered":"\n<h2 class=\"wp-block-heading\">La ministra de Seguridad, Patricia Bullrich, cruz\u00f3 al jefe de Gobierno porte\u00f1o, Jorge Macri, por la fuga de presos y la realidad de las c\u00e1rceles de la Ciudad de Buenos Aires.<\/h2>\n\n\n\n<p>Luego del fallo de la Justicia porte\u00f1a que orden\u00f3 que los presos condenados sean trasladados a c\u00e1rceles federales, a ra\u00edz de un habeas corpus presentado por la Defensor\u00eda de la Ciudad, Bullrich dio a conocer una su cr\u00edtica respuesta al tema.<\/p>\n\n\n\n<p>\u201cEsta administraci\u00f3n no va a aceptar ning\u00fan tipo de coerci\u00f3n directa ni indirecta\u201d, sentenci\u00f3 la funcionaria tras el fallo fallo del juez Circo que no convoc\u00f3 al Servicio Penitenciario Federal previo a resolver, y agreg\u00f1o: \u201cNuestra competencia primaria es combatir los delitos federales\u201d.<\/p>\n\n\n\n<p>Y destac\u00f3, que la Justicia de la Ciudad Aut\u00f3noma de Buenos Aires \u201cse est\u00e1 excediendo en el dictado de Habeas Corpus sobre espacios federales\u201d, y que en caso de verificar la violaci\u00f3n de derechos en dependencias de la Polic\u00eda de la Ciudad, \u201ddeber\u00eda obligar al Gobierno de la Ciudad a ingresar a los presos en su propio sistema de Alcaid\u00edas\u201d.<\/p>\n\n\n\n<p>Bullrich manifest\u00f3 adem\u00e1s que las acciones desplegadas por el Gobierno de la Ciudad de Buenos Aires \u00abda\u00f1an la imprescindible buena fe que en toda negociaci\u00f3n seria debe primar\u201d.<\/p>\n\n\n\n<p>Asimismo, solicit\u00f3 que la administraci\u00f3n porte\u00f1a \u201cse haga cargo de las responsabilidades que les corresponden para asegurar la seguridad p\u00fablica de los porte\u00f1os, que cumplan con el mandato que les otorga su propia Constituci\u00f3n, que retomen la buena fe en las negociaciones y que alivien la situaci\u00f3n econ\u00f3mica del resto de los argentinos que con sus impuestos mantiene a los internos que cometen delitos en la ciudad\u201d.<\/p>\n\n\n\n<p>Tambi\u00e9n acus\u00f3 al Jorge Macri de haber \u201cfiltrado maliciosamente informaci\u00f3n falsa a la prensa\u201d, y cuestion\u00f3 la presentaci\u00f3n de Habeas Corpus para forzar el ingreso masivo de presos al Servicio Penitenciario Federal, lo que calific\u00f3 de \u201cimposible\u201d por la escases de plazas necesarias, faltante que le atribuy\u00f3 a la Ciudad por el incumplimiento en la entrega del Complejo Penitenciario Federal de Marcos Paz.<\/p>\n\n\n\n<p>\u201cFueron malas decisiones pol\u00edticas que hoy pagan los porte\u00f1os con su seguridad y los argentinos con su bolsillo\u201d, apunt\u00f3 en la carta al tiempo que subray\u00f3 que desde el 10 de diciembre de 2023, recibieron m\u00e1s de 5000 internos que cometieron delitos comunes en la Ciudad Aut\u00f3noma de Buenos Aires.<\/p>\n\n\n\n<p>\u201cTen\u00edamos la obligaci\u00f3n legal de recibir 60\/70 presos semanales y voluntariamente, desde el inicio de este Gobierno pasamos a recibir 90 internos semanalmente, es decir, un 50% m\u00e1s; ofrecimos 100 plazas en el interior del pa\u00eds y un cupo especial de 50 plazas para ofensores sexuales, la Ciudad, sin embargo, solamente utiliz\u00f3 el cupo de 90 plazas semanales\u201d, argument\u00f3.<\/p>\n\n\n\n<p>Y enumer\u00f3 los ofrecimientos que realiz\u00f3 el Ministerio de Seguridad de la Naci\u00f3n, en paralelo a la finalizaci\u00f3n de la prisi\u00f3n de Marcos Paz.<\/p>\n\n\n\n<p>\u201cLuego de ampliar significativamente el cupo de ingresos, en el marco de un proceso judicial, el 10 de abril de 2024, ofrecimos formalmente al Gobierno de la Ciudad de Buenos Aires que realizara construcciones modulares en predios del Servicio Penitenciario Federal para poder alojar all\u00ed a 400 de sus presos, con la posibilidad de alojar a 600 mas. Esta propuesta fue absolutamente rechazada por las autoridades de la Ciudad\u201d, puntualiz\u00f3.<\/p>\n\n\n\n<p>Reval\u00f3 adem\u00e1s, que se le ofreci\u00f3 al Ministro de Seguridad porte\u00f1o extender esas plazas a 1000, con la garant\u00eda de que el 50% del costo de mantenimiento de cada interno est\u00e9 a cargo de la Ciudad. \u201cEsta propuesta ni siquiera fue contestada\u201d, a\u00f1adi\u00f3.<\/p>\n\n\n\n<p>Poni\u00e9ndolo en n\u00fameros, Bullrich afirm\u00f3 que el sistema federal penitenciario aloja 11.500 internos y 6.000 son presos de la Ciudad que est\u00e1n siendo juzgados por delitos comunes, \u201ccon un costo anual para el resto de los ciudadanos del pa\u00eds de $ 156.639.750.000\u201d.<\/p>\n\n\n\n<p>\u201cEs decir, por ejemplo, un ciudadano de la provincia de Santa Fe, paga por el Servicio Penitenciario Federal, paga por el Servicio Penitenciario Provincial y, por la decisi\u00f3n pol\u00edtica de la Ciudad Aut\u00f3noma de Buenos Aires de no hacerse cargo de sus presos, tambi\u00e9n paga por el costo de mantenimiento de los detenidos de la CABA\u201d, afirm\u00f3.<\/p>\n\n\n\n<p>En el marco de la tensi\u00f3n que protagoniza con Jorge Macri, pero tambi\u00e9n con su par porte\u00f1o, Waldo Wolff, se\u00f1al\u00f3: \u201cEn la gran mayor\u00eda de las jurisdicciones provinciales hay exceso de presos alojados en comisar\u00edas, pero no a todas ellas se les escapan presos todas las semanas\u201d.<\/p>\n\n\n\n<p>\u201cEs en este contexto que desde el a\u00f1o 2016, con la sanci\u00f3n de la Ley 5688, la Ciudad est\u00e1 en condiciones de crear su propio servicio penitenciario sin necesidad alguna de apoyo federal, as\u00ed como cre\u00f3 la Polic\u00eda Metropolitana antes de la transferencia de la Polic\u00eda Federal. Hace 9 a\u00f1os podr\u00eda haber creado su Servicio Penitenciario. La mora es propia de una administraci\u00f3n que no se hace cargo de los presos que su pol\u00edtica de seguridad genera\u201d, reclam\u00f3.<\/p>\n\n\n\n<p>Finalizando, la funcionaria nacional, destac\u00f3 la decisi\u00f3n del Gobierno Nacional de transferir las competencias de guarda y custodia de detenidos que permanec\u00edan en manos del SPN, cuyas negociaciones se llevan adelante desde hace semanas.<\/p>\n","protected":false},"excerpt":{"rendered":"<p>La ministra de Seguridad, Patricia Bullrich, cruz&oacute; al jefe de Gobierno porte&ntilde;o, Jorge Macri, por la fuga de presos y la realidad de las c&aacute;rceles de la Ciudad de Buenos Aires. Luego del fallo de la Justicia porte&ntilde;a que orden&oacute; que los presos condenados sean trasladados a c&aacute;rceles federales, a ra&iacute;z de un habeas corpus [&hellip;]<\/p>\n","protected":false},"author":2,"featured_media":11704,"comment_status":"open","ping_status":"open","sticky":false,"template":"","format":"standard","meta":{"footnotes":""},"categories":[5,176],"tags":[833,232,1114,510,5025],"class_list":["post-11703","post","type-post","status-publish","format-standard","has-post-thumbnail","hentry","category-nacionales","category-politica","tag-critica","tag-javier-milei","tag-jorge-macri","tag-patricia-bullrich","tag-wado-wolff"],"_links":{"self":[{"href":"https:\/\/partediario.com.ar\/index.php?rest_route=\/wp\/v2\/posts\/11703","targetHints":{"allow":["GET"]}}],"collection":[{"href":"https:\/\/partediario.com.ar\/index.php?rest_route=\/wp\/v2\/posts"}],"about":[{"href":"https:\/\/partediario.com.ar\/index.php?rest_route=\/wp\/v2\/types\/post"}],"author":[{"embeddable":true,"href":"https:\/\/partediario.com.ar\/index.php?rest_route=\/wp\/v2\/users\/2"}],"replies":[{"embeddable":true,"href":"https:\/\/partediario.com.ar\/index.php?rest_route=%2Fwp%2Fv2%2Fcomments&post=11703"}],"version-history":[{"count":1,"href":"https:\/\/partediario.com.ar\/index.php?rest_route=\/wp\/v2\/posts\/11703\/revisions"}],"predecessor-version":[{"id":11705,"href":"https:\/\/partediario.com.ar\/index.php?rest_route=\/wp\/v2\/posts\/11703\/revisions\/11705"}],"wp:featuredmedia":[{"embeddable":true,"href":"https:\/\/partediario.com.ar\/index.php?rest_route=\/wp\/v2\/media\/11704"}],"wp:attachment":[{"href":"https:\/\/partediario.com.ar\/index.php?rest_route=%2Fwp%2Fv2%2Fmedia&parent=11703"}],"wp:term":[{"taxonomy":"category","embeddable":true,"href":"https:\/\/partediario.com.ar\/index.php?rest_route=%2Fwp%2Fv2%2Fcategories&post=11703"},{"taxonomy":"post_tag","embeddable":true,"href":"https:\/\/partediario.com.ar\/index.php?rest_route=%2Fwp%2Fv2%2Ftags&post=11703"}],"curies":[{"name":"wp","href":"https:\/\/api.w.org\/{rel}","templated":true}]}}