{"id":11706,"date":"2025-02-24T14:48:11","date_gmt":"2025-02-24T17:48:11","guid":{"rendered":"https:\/\/partediario.com.ar\/?p=11706"},"modified":"2025-02-25T18:13:46","modified_gmt":"2025-02-25T21:13:46","slug":"busqueda-de-lian-un-vecino-dijo-haber-visto-una-camioneta-en-el-horario-en-el-que-desaparecio-el-nino","status":"publish","type":"post","link":"https:\/\/partediario.com.ar\/?p=11706","title":{"rendered":"B\u00fasqueda de Lian: un vecino dijo haber visto una camioneta en el horario en el que desapareci\u00f3 el ni\u00f1o"},"content":{"rendered":"\n<h2 class=\"wp-block-heading\">Un vecino del pueblo cordob\u00e9s Ballesteros Sud, declar\u00f3 haber visto una camioneta en el horario en el que desapareci\u00f3 Lian Flores el pasado s\u00e1bado por la tarde. En medio de la b\u00fasqueda se llev\u00f3 a cabo un allanamiento donde se secuestraron celulares y un veh\u00edculo.<\/h2>\n\n\n\n<p>Ra\u00fal, vecino de la familia del peque\u00f1o desaparecido, habl\u00f3 con medios de comunicaci\u00f3n y describi\u00f3 que el s\u00e1bado por la tarde, \u201cmientras almorzaba\u201d, vio una camioneta que ten\u00eda los vidrios polarizados.<\/p>\n\n\n\n<p>\u201cEntr\u00f3, iba despacito, pero de repente dio media vuelta y se fue\u201d, relat\u00f3 el hombre a los medios de comunicaci\u00f3n.<\/p>\n\n\n\n<p><\/p>\n\n\n\n<figure class=\"wp-block-image size-large\"><img loading=\"lazy\" decoding=\"async\" width=\"1024\" height=\"576\" src=\"https:\/\/partediario.com.ar\/wp-content\/uploads\/liam-1pjpg-1024x576.webp\" alt=\"\" class=\"wp-image-11707\" srcset=\"https:\/\/partediario.com.ar\/wp-content\/uploads\/liam-1pjpg-1024x576.webp 1024w, https:\/\/partediario.com.ar\/wp-content\/uploads\/liam-1pjpg-300x169.webp 300w, https:\/\/partediario.com.ar\/wp-content\/uploads\/liam-1pjpg-768x432.webp 768w, https:\/\/partediario.com.ar\/wp-content\/uploads\/liam-1pjpg.webp 1200w\" sizes=\"auto, (max-width: 1024px) 100vw, 1024px\" \/><\/figure>\n\n\n\n<p><\/p>\n\n\n\n<p>En medio de un clima de incertidumbre, y sin novedades hasta el momento, en las \u00faltimas horas se llev\u00f3 a cabo un allanamiento. Seg\u00fan trascendi\u00f3, el operativo sucedi\u00f3 en una vivienda ubicada en el cruce de las calles Jorge Newbery y Figueroa Alcorta.<\/p>\n\n\n\n<p>En dicho domicilio vive A.C., de 50 a\u00f1os, y en el lugar se procedi\u00f3 al secuestro de una camioneta Toyota Hilux y cinco tel\u00e9fonos.<\/p>\n\n\n\n<p>A su vez, se suman otras dos camionetas incautadas y un celulares a la causa. Por el momento no hay detenidos, no obstante las hay varias personas declarando.<\/p>\n\n\n\n<p>En las \u00faltimas horas el Ministerio de Seguridad Nacional y el Sistema Federal de B\u00fasqueda de Personas Desaparecidas y Extraviadas anunciaron que se activ\u00f3 el Alerta Sof\u00eda para dar con el paradero de Lian.<\/p>\n\n\n\n<p>Contin\u00faan los operativos en el tercer d\u00eda del inicio de los rastrillajes por tierra y aire, realizados por personal experto y drones de \u00faltima tecnolog\u00eda.<\/p>\n","protected":false},"excerpt":{"rendered":"<p>Un vecino del pueblo cordob&eacute;s Ballesteros Sud, declar&oacute; haber visto una camioneta en el horario en el que desapareci&oacute; Lian Flores el pasado s&aacute;bado por la tarde. En medio de la b&uacute;squeda se llev&oacute; a cabo un allanamiento donde se secuestraron celulares y un veh&iacute;culo. Ra&uacute;l, vecino de la familia del peque&ntilde;o desaparecido, habl&oacute; con [&hellip;]<\/p>\n","protected":false},"author":2,"featured_media":11708,"comment_status":"open","ping_status":"open","sticky":false,"template":"","format":"standard","meta":{"footnotes":""},"categories":[5,7],"tags":[5421,449,655,303,5434],"class_list":["post-11706","post","type-post","status-publish","format-standard","has-post-thumbnail","hentry","category-nacionales","category-policiales","tag-ballesteros-sud","tag-busqueda","tag-camioneta","tag-cordoba","tag-liam-flores"],"_links":{"self":[{"href":"https:\/\/partediario.com.ar\/index.php?rest_route=\/wp\/v2\/posts\/11706","targetHints":{"allow":["GET"]}}],"collection":[{"href":"https:\/\/partediario.com.ar\/index.php?rest_route=\/wp\/v2\/posts"}],"about":[{"href":"https:\/\/partediario.com.ar\/index.php?rest_route=\/wp\/v2\/types\/post"}],"author":[{"embeddable":true,"href":"https:\/\/partediario.com.ar\/index.php?rest_route=\/wp\/v2\/users\/2"}],"replies":[{"embeddable":true,"href":"https:\/\/partediario.com.ar\/index.php?rest_route=%2Fwp%2Fv2%2Fcomments&post=11706"}],"version-history":[{"count":1,"href":"https:\/\/partediario.com.ar\/index.php?rest_route=\/wp\/v2\/posts\/11706\/revisions"}],"predecessor-version":[{"id":11709,"href":"https:\/\/partediario.com.ar\/index.php?rest_route=\/wp\/v2\/posts\/11706\/revisions\/11709"}],"wp:featuredmedia":[{"embeddable":true,"href":"https:\/\/partediario.com.ar\/index.php?rest_route=\/wp\/v2\/media\/11708"}],"wp:attachment":[{"href":"https:\/\/partediario.com.ar\/index.php?rest_route=%2Fwp%2Fv2%2Fmedia&parent=11706"}],"wp:term":[{"taxonomy":"category","embeddable":true,"href":"https:\/\/partediario.com.ar\/index.php?rest_route=%2Fwp%2Fv2%2Fcategories&post=11706"},{"taxonomy":"post_tag","embeddable":true,"href":"https:\/\/partediario.com.ar\/index.php?rest_route=%2Fwp%2Fv2%2Ftags&post=11706"}],"curies":[{"name":"wp","href":"https:\/\/api.w.org\/{rel}","templated":true}]}}