{"id":11710,"date":"2025-02-24T14:54:02","date_gmt":"2025-02-24T17:54:02","guid":{"rendered":"https:\/\/partediario.com.ar\/?p=11710"},"modified":"2025-02-25T18:13:43","modified_gmt":"2025-02-25T21:13:43","slug":"cristina-kirchner-liderara-hoy-una-reunion-con-el-pj-nacional-despues-que-kicillof-anunciara-su-nuevo-espacio","status":"publish","type":"post","link":"https:\/\/partediario.com.ar\/?p=11710","title":{"rendered":"Cristina Kirchner liderar\u00e1 hoy una reuni\u00f3n con el PJ Nacional despu\u00e9s que Kicillof anunciara su nuevo espacio"},"content":{"rendered":"\n<h2 class=\"wp-block-heading\">La ex presidenta de la Naci\u00f3n y actual titular del Partido Justicialista (PJ) a nivel nacional, Cristina Kirchner, encabezar\u00e1 hoy una reuni\u00f3n, en la sede central de la calle Matheu, tras que el gobernador de Buenos Aires, Axel Kicillof, anunciara su nuevo espacio llamado \u2018Derecho al Futuro\u2019.<\/h2>\n\n\n\n<p>En el encuentro que est\u00e1 pactado para llevarse a cabo a las 19, en el barrio porte\u00f1o de Balvanera, participar\u00e1n los cinco vicepresidentes peronistas y los 75 consejeros partidarios; estar\u00e1 cerrado para la prensa, pero se aguarda que una vez finalizado, se emita un comunicado.<\/p>\n\n\n\n<p>Esta reuni\u00f3n se da en el marco del lanzamiento del nuevo espacio de Kicillof que, si bien lo hace dentro de Uni\u00f3n por la Patria, no fue bien visto por parte del n\u00facleo duro del kirchnerismo.<\/p>\n\n\n\n<p>Uno de los primeros en criticarlo fue el senador nacional Oscar Parrilli quien manifest\u00f3, en declaraciones radiales, que al gobernador \u201cno le sirve de nada diferenciarse\u201d de Fern\u00e1ndez de Kirchner, e incluso destac\u00f3 que le parece \u201cabsolutamente desubicado\u201d.<\/p>\n\n\n\n<p>\u201cMe parece innecesario y no aporta nada. Cristina ha dado muestras, en m\u00e1s de una oportunidad, de que no guarda rencor, ni odio, ni revanchismo hacia ning\u00fan dirigente. Espero que Axel lo comprenda y se d\u00e9 cuenta de que \u00e9l tiene que tener una actitud de trabajar conjuntamente. Cuando \u00e9l no apoy\u00f3 la candidatura a presidenta del PJ de Cristina cometi\u00f3 un error. Espero que recapacite y no siga cometiendo este tipo de errores\u201d, manifest\u00f3 Parrilli en declaraciones radiales.<\/p>\n\n\n\n<p>Parte del oficialismo bonaerense, se pronunci\u00f3 a favor de la iniciativa, el ministro de Gobierno y amigo de Kicillof, Carlos Bianco, afirm\u00f3 que \u2018Derecho al Futuro\u2019 no implica \u201cdividir nada\u201d sino que, por el contrario, se trata de \u201csumar al peronismo\u201d.<\/p>\n\n\n\n<p>\u201cEs organizar gente que no estaba organizada y que nos ped\u00eda que organiz\u00e1ramos algo. Esto es un movimiento que enfrenta a (Javier) Milei y es un movimiento en favor del Gobierno de la provincia de Buenos Aires\u201d, finaliz\u00f3.<\/p>\n","protected":false},"excerpt":{"rendered":"<p>La ex presidenta de la Naci&oacute;n y actual titular del Partido Justicialista (PJ) a nivel nacional, Cristina Kirchner, encabezar&aacute; hoy una reuni&oacute;n, en la sede central de la calle Matheu, tras que el gobernador de Buenos Aires, Axel Kicillof, anunciara su nuevo espacio llamado &lsquo;Derecho al Futuro&rsquo;. En el encuentro que est&aacute; pactado para llevarse [&hellip;]<\/p>\n","protected":false},"author":2,"featured_media":11183,"comment_status":"open","ping_status":"open","sticky":false,"template":"","format":"standard","meta":{"footnotes":""},"categories":[5,176],"tags":[1112,518,5436,5437,3890,373],"class_list":["post-11710","post","type-post","status-publish","format-standard","has-post-thumbnail","hentry","category-nacionales","category-politica","tag-axel-kicillof","tag-cristina-kirchner","tag-derecho-al-futuro","tag-oscar-parrilli","tag-pj-nacional","tag-reunion"],"_links":{"self":[{"href":"https:\/\/partediario.com.ar\/index.php?rest_route=\/wp\/v2\/posts\/11710","targetHints":{"allow":["GET"]}}],"collection":[{"href":"https:\/\/partediario.com.ar\/index.php?rest_route=\/wp\/v2\/posts"}],"about":[{"href":"https:\/\/partediario.com.ar\/index.php?rest_route=\/wp\/v2\/types\/post"}],"author":[{"embeddable":true,"href":"https:\/\/partediario.com.ar\/index.php?rest_route=\/wp\/v2\/users\/2"}],"replies":[{"embeddable":true,"href":"https:\/\/partediario.com.ar\/index.php?rest_route=%2Fwp%2Fv2%2Fcomments&post=11710"}],"version-history":[{"count":1,"href":"https:\/\/partediario.com.ar\/index.php?rest_route=\/wp\/v2\/posts\/11710\/revisions"}],"predecessor-version":[{"id":11711,"href":"https:\/\/partediario.com.ar\/index.php?rest_route=\/wp\/v2\/posts\/11710\/revisions\/11711"}],"wp:featuredmedia":[{"embeddable":true,"href":"https:\/\/partediario.com.ar\/index.php?rest_route=\/wp\/v2\/media\/11183"}],"wp:attachment":[{"href":"https:\/\/partediario.com.ar\/index.php?rest_route=%2Fwp%2Fv2%2Fmedia&parent=11710"}],"wp:term":[{"taxonomy":"category","embeddable":true,"href":"https:\/\/partediario.com.ar\/index.php?rest_route=%2Fwp%2Fv2%2Fcategories&post=11710"},{"taxonomy":"post_tag","embeddable":true,"href":"https:\/\/partediario.com.ar\/index.php?rest_route=%2Fwp%2Fv2%2Ftags&post=11710"}],"curies":[{"name":"wp","href":"https:\/\/api.w.org\/{rel}","templated":true}]}}