{"id":11724,"date":"2025-02-24T18:16:51","date_gmt":"2025-02-24T21:16:51","guid":{"rendered":"https:\/\/partediario.com.ar\/?p=11724"},"modified":"2025-02-25T18:13:20","modified_gmt":"2025-02-25T21:13:20","slug":"el-papa-francisco-mostro-una-ligera-mejoria-senala-el-nuevo-parte-medico","status":"publish","type":"post","link":"https:\/\/partediario.com.ar\/?p=11724","title":{"rendered":"El Papa Francisco mostr\u00f3 una \u00abligera mejor\u00eda\u00bb, se\u00f1ala el nuevo parte m\u00e9dico"},"content":{"rendered":"\n<h2 class=\"wp-block-heading\">Permanece internado con neumon\u00eda bilateral. Recibe ox\u00edgeno de alto flujo. Mejora levemente su anemia y plaquetas.<\/h2>\n\n\n\n<p>El Papa Francisco mostr\u00f3 una \u201cligera mejor\u00eda\u201d, precis\u00f3 el nuevo parte m\u00e9dico que dio a conocer la Oficina de Prensa de la Santa Sede, a la vez que no hubo \u00abnuevas crisis respiratorias\u00bb.<\/p>\n\n\n\n<p>De acuerdo al parte m\u00e9dico vespertino, \u00abel flujo de ox\u00edgeno\u00bb del Sumo Pont\u00edfice \u00abse ha reducido ligeramente\u00bb y \u00ablos ex\u00e1menes mejoraron\u00bb.<\/p>\n\n\n\n<p>El sitio Vatican News se\u00f1al\u00f3 que \u00abla ligera insuficiencia renal no es motivo de preocupaci\u00f3n\u00bb, mientras que recalc\u00f3 que \u00abFrancisco reanud\u00f3 su trabajo y por la tarde llam\u00f3 a la parroquia de Gaza\u00bb.<\/p>\n\n\n\n<p>\u00abLa oxigenoterapia contin\u00faa, aunque con un flujo y un porcentaje de ox\u00edgeno ligeramente reducidos. Los m\u00e9dicos, en vista de la complejidad del cuadro cl\u00ednico, son prudentes y a\u00fan no dan a conocer el pron\u00f3stico\u00bb, agreg\u00f3 el bolet\u00edn m\u00e9dico.<\/p>\n\n\n\n<p>El Vaticano mencion\u00f3 adem\u00e1s que Jorge Bergoglio, que se encuentra internado desde el 14 de febrero en el hospital Policl\u00ednico Gemelli por una neumon\u00eda bilateral, recibi\u00f3 la Eucarist\u00eda y que \u00abagradece a todo el pueblo de Dios que se ha reunido para rezar por su salud en estos d\u00edas\u00bb.<\/p>\n\n\n\n<p>El Papa Francisco, de 88 a\u00f1os, contin\u00faa internado en estado cr\u00edtico por neumon\u00eda en ambos pulmones. El Vaticano inform\u00f3 esta ma\u00f1ana sobre la evoluci\u00f3n del pont\u00edfice argentino luego de pasar una buena noche.<\/p>\n\n\n\n<p>\u201cLa noche transcurri\u00f3 bien, el Papa durmi\u00f3 y ahora descansa\u201d, inform\u00f3 la Santa Sede al iniciar el und\u00e9cimo d\u00eda consecutivo de hospitalizaci\u00f3n, el per\u00edodo m\u00e1s extenso desde su elecci\u00f3n en 2013.<\/p>\n\n\n\n<p class=\"has-medium-font-size\"><strong>Informaci\u00f3n de importancia del \u00faltimo reporte m\u00e9dico:<\/strong><\/p>\n\n\n\n<p>Estado cl\u00ednico: Permanece en condici\u00f3n cr\u00edtica con neumon\u00eda bilateral. Recibe ox\u00edgeno de alto flujo de manera permanente. Presenta leve insuficiencia renal inicial, controlada actualmente.<\/p>\n\n\n\n<p>Evoluci\u00f3n favorable: Mejora leve en los niveles de anemia. Estabilidad de la trombocitopenia (disminuci\u00f3n de plaquetas) gracias a transfusiones recibidas.<\/p>\n\n\n\n<p>Complicaciones recientes: El s\u00e1bado sufri\u00f3 un ataque asm\u00e1tico prolongado. Se le administr\u00f3 transfusi\u00f3n sangu\u00ednea por complicaciones hematol\u00f3gicas.<\/p>\n\n\n\n<p>Especialistas recomiendan prudencia<\/p>\n\n\n\n<p>El equipo m\u00e9dico del Vaticano llam\u00f3 a la cautela respecto al pron\u00f3stico debido a \u201cla complejidad del cuadro cl\u00ednico y el tiempo necesario para la acci\u00f3n efectiva de los tratamientos\u201d.<\/p>\n\n\n\n<p>Por su parte, Fabrizio Pregliasco, vir\u00f3logo externo citado por el diario italiano La Stampa, se\u00f1al\u00f3:<\/p>\n\n\n\n<p>\u201cLa situaci\u00f3n se volvi\u00f3 m\u00e1s preocupante. La edad del Santo Padre y problemas anteriores, como su bronquitis asm\u00e1tica, complican considerablemente el panorama\u201d.<\/p>\n\n\n\n<p class=\"has-medium-font-size\"><strong>Oraciones desde todo el mundo<\/strong><\/p>\n\n\n\n<p>Fieles cat\u00f3licos desde Roma hasta Argentina e Irak organizaron oraciones para pedir por la salud del pont\u00edfice argentino.<\/p>\n\n\n\n<p>En un mensaje reciente divulgado desde fuentes vaticanas, el Papa transmiti\u00f3 optimismo y tranquilidad:<\/p>\n\n\n\n<p>\u201cContin\u00fao con confianza mi hospitalizaci\u00f3n, cumplo con los tratamientos indicados y recuerdo que el descanso tambi\u00e9n es parte de la terapia\u201d.<\/p>\n","protected":false},"excerpt":{"rendered":"<p>Permanece internado con neumon&iacute;a bilateral. Recibe ox&iacute;geno de alto flujo. Mejora levemente su anemia y plaquetas. El Papa Francisco mostr&oacute; una &ldquo;ligera mejor&iacute;a&rdquo;, precis&oacute; el nuevo parte m&eacute;dico que dio a conocer la Oficina de Prensa de la Santa Sede, a la vez que no hubo &laquo;nuevas crisis respiratorias&raquo;. De acuerdo al parte m&eacute;dico vespertino, [&hellip;]<\/p>\n","protected":false},"author":2,"featured_media":11725,"comment_status":"open","ping_status":"open","sticky":false,"template":"","format":"standard","meta":{"footnotes":""},"categories":[9,726],"tags":[5277,475,3222,727,5451,3603],"class_list":["post-11724","post","type-post","status-publish","format-standard","has-post-thumbnail","hentry","category-internacionales","category-sociedad","tag-francisco","tag-medico","tag-papa","tag-parte","tag-santa-sede","tag-vaticano"],"_links":{"self":[{"href":"https:\/\/partediario.com.ar\/index.php?rest_route=\/wp\/v2\/posts\/11724","targetHints":{"allow":["GET"]}}],"collection":[{"href":"https:\/\/partediario.com.ar\/index.php?rest_route=\/wp\/v2\/posts"}],"about":[{"href":"https:\/\/partediario.com.ar\/index.php?rest_route=\/wp\/v2\/types\/post"}],"author":[{"embeddable":true,"href":"https:\/\/partediario.com.ar\/index.php?rest_route=\/wp\/v2\/users\/2"}],"replies":[{"embeddable":true,"href":"https:\/\/partediario.com.ar\/index.php?rest_route=%2Fwp%2Fv2%2Fcomments&post=11724"}],"version-history":[{"count":1,"href":"https:\/\/partediario.com.ar\/index.php?rest_route=\/wp\/v2\/posts\/11724\/revisions"}],"predecessor-version":[{"id":11726,"href":"https:\/\/partediario.com.ar\/index.php?rest_route=\/wp\/v2\/posts\/11724\/revisions\/11726"}],"wp:featuredmedia":[{"embeddable":true,"href":"https:\/\/partediario.com.ar\/index.php?rest_route=\/wp\/v2\/media\/11725"}],"wp:attachment":[{"href":"https:\/\/partediario.com.ar\/index.php?rest_route=%2Fwp%2Fv2%2Fmedia&parent=11724"}],"wp:term":[{"taxonomy":"category","embeddable":true,"href":"https:\/\/partediario.com.ar\/index.php?rest_route=%2Fwp%2Fv2%2Fcategories&post=11724"},{"taxonomy":"post_tag","embeddable":true,"href":"https:\/\/partediario.com.ar\/index.php?rest_route=%2Fwp%2Fv2%2Ftags&post=11724"}],"curies":[{"name":"wp","href":"https:\/\/api.w.org\/{rel}","templated":true}]}}