{"id":11730,"date":"2025-02-25T17:41:56","date_gmt":"2025-02-25T20:41:56","guid":{"rendered":"https:\/\/partediario.com.ar\/?p=11730"},"modified":"2025-02-26T08:42:35","modified_gmt":"2025-02-26T11:42:35","slug":"corte-suprema-javier-milei-nombro-a-ariel-lijo-y-manuel-garcia-mansilla-por-decreto","status":"publish","type":"post","link":"https:\/\/partediario.com.ar\/?p=11730","title":{"rendered":"Corte Suprema: Javier Milei nombr\u00f3 a Ariel Lijo y Manuel Garc\u00eda-Mansilla por decreto"},"content":{"rendered":"\n<h2 class=\"wp-block-heading\">As\u00ed lo anunci\u00f3 la Oficina del Presidente. El Gobierno anunci\u00f3 esta tarde que design\u00f3 por decreto en la Corte Suprema a los jueces Ariel Lijo y Manuel Garc\u00eda Mansilla \u00abhasta la finalizaci\u00f3n del pr\u00f3ximo per\u00edodo legislativo\u00bb.<\/h2>\n\n\n\n<p>As\u00ed lo anunci\u00f3 el Gobierno en un comunicado.<\/p>\n\n\n\n<p><\/p>\n\n\n\n<figure class=\"wp-block-image size-large\"><img loading=\"lazy\" decoding=\"async\" width=\"723\" height=\"1024\" src=\"https:\/\/partediario.com.ar\/wp-content\/uploads\/GkqM886W4AIVuoC-723x1024.jpeg\" alt=\"\" class=\"wp-image-11731\" srcset=\"https:\/\/partediario.com.ar\/wp-content\/uploads\/GkqM886W4AIVuoC-723x1024.jpeg 723w, https:\/\/partediario.com.ar\/wp-content\/uploads\/GkqM886W4AIVuoC-212x300.jpeg 212w, https:\/\/partediario.com.ar\/wp-content\/uploads\/GkqM886W4AIVuoC-768x1088.jpeg 768w, https:\/\/partediario.com.ar\/wp-content\/uploads\/GkqM886W4AIVuoC.jpeg 1036w\" sizes=\"auto, (max-width: 723px) 100vw, 723px\" \/><\/figure>\n\n\n\n<p><\/p>\n\n\n\n<figure class=\"wp-block-image size-large\"><img loading=\"lazy\" decoding=\"async\" width=\"723\" height=\"1024\" src=\"https:\/\/partediario.com.ar\/wp-content\/uploads\/GkqM886WUAAWBlg-723x1024.jpeg\" alt=\"\" class=\"wp-image-11732\" srcset=\"https:\/\/partediario.com.ar\/wp-content\/uploads\/GkqM886WUAAWBlg-723x1024.jpeg 723w, https:\/\/partediario.com.ar\/wp-content\/uploads\/GkqM886WUAAWBlg-212x300.jpeg 212w, https:\/\/partediario.com.ar\/wp-content\/uploads\/GkqM886WUAAWBlg-768x1088.jpeg 768w, https:\/\/partediario.com.ar\/wp-content\/uploads\/GkqM886WUAAWBlg.jpeg 1036w\" sizes=\"auto, (max-width: 723px) 100vw, 723px\" \/><\/figure>\n\n\n\n<p><\/p>\n","protected":false},"excerpt":{"rendered":"<p>As&iacute; lo anunci&oacute; la Oficina del Presidente. El Gobierno anunci&oacute; esta tarde que design&oacute; por decreto en la Corte Suprema a los jueces Ariel Lijo y Manuel Garc&iacute;a Mansilla &laquo;hasta la finalizaci&oacute;n del pr&oacute;ximo per&iacute;odo legislativo&raquo;. As&iacute; lo anunci&oacute; el Gobierno en un comunicado.<\/p>\n","protected":false},"author":2,"featured_media":11733,"comment_status":"open","ping_status":"open","sticky":false,"template":"","format":"standard","meta":{"footnotes":""},"categories":[5,176],"tags":[2725,877,5452,232,5453],"class_list":["post-11730","post","type-post","status-publish","format-standard","has-post-thumbnail","hentry","category-nacionales","category-politica","tag-ariel-lijo","tag-corte-suprema","tag-decxreto","tag-javier-milei","tag-manuel-garcia-mansilla"],"_links":{"self":[{"href":"https:\/\/partediario.com.ar\/index.php?rest_route=\/wp\/v2\/posts\/11730","targetHints":{"allow":["GET"]}}],"collection":[{"href":"https:\/\/partediario.com.ar\/index.php?rest_route=\/wp\/v2\/posts"}],"about":[{"href":"https:\/\/partediario.com.ar\/index.php?rest_route=\/wp\/v2\/types\/post"}],"author":[{"embeddable":true,"href":"https:\/\/partediario.com.ar\/index.php?rest_route=\/wp\/v2\/users\/2"}],"replies":[{"embeddable":true,"href":"https:\/\/partediario.com.ar\/index.php?rest_route=%2Fwp%2Fv2%2Fcomments&post=11730"}],"version-history":[{"count":1,"href":"https:\/\/partediario.com.ar\/index.php?rest_route=\/wp\/v2\/posts\/11730\/revisions"}],"predecessor-version":[{"id":11734,"href":"https:\/\/partediario.com.ar\/index.php?rest_route=\/wp\/v2\/posts\/11730\/revisions\/11734"}],"wp:featuredmedia":[{"embeddable":true,"href":"https:\/\/partediario.com.ar\/index.php?rest_route=\/wp\/v2\/media\/11733"}],"wp:attachment":[{"href":"https:\/\/partediario.com.ar\/index.php?rest_route=%2Fwp%2Fv2%2Fmedia&parent=11730"}],"wp:term":[{"taxonomy":"category","embeddable":true,"href":"https:\/\/partediario.com.ar\/index.php?rest_route=%2Fwp%2Fv2%2Fcategories&post=11730"},{"taxonomy":"post_tag","embeddable":true,"href":"https:\/\/partediario.com.ar\/index.php?rest_route=%2Fwp%2Fv2%2Ftags&post=11730"}],"curies":[{"name":"wp","href":"https:\/\/api.w.org\/{rel}","templated":true}]}}