{"id":11744,"date":"2025-02-25T18:09:05","date_gmt":"2025-02-25T21:09:05","guid":{"rendered":"https:\/\/partediario.com.ar\/?p=11744"},"modified":"2025-02-27T16:57:18","modified_gmt":"2025-02-27T19:57:18","slug":"se-realizo-adn-a-la-hija-de-perez-por-su-parecido-con-sofia-herrera","status":"publish","type":"post","link":"https:\/\/partediario.com.ar\/?p=11744","title":{"rendered":"Se realiz\u00f3 ADN a la hija de P\u00e9rez por su parecido con Sof\u00eda Herrera"},"content":{"rendered":"\n<h2 class=\"wp-block-heading\">Un nuevo cap\u00edtulo hay en el caso por la desaparici\u00f3n de Loan Danilo Pe\u00f1a en Corrientes tras que se le haya realizado un an\u00e1lisis de ADN a la hija del detenido Carlos P\u00e9rez, despu\u00e9s que una mujer lo haya ubicado en Tierra del Fuego al momento en el que se vio por \u00faltima vez a Sof\u00eda Herrera.<\/h2>\n\n\n\n<p>En medio de la b\u00fasqueda de Loan, la aparici\u00f3n de la hija de P\u00e9rez en los medios de comunicaci\u00f3n llam\u00f3 la atenci\u00f3n por su gran parecido a Sof\u00eda, la ni\u00f1a desaparecida en 2008 en Tierra del Fuego.<\/p>\n\n\n\n<p>Aun as\u00ed, el esc\u00e1ndalo se dio por cerrado, luego que la propia madre de Herrera haya dicho que no se trataba de su hija, pero la comparaci\u00f3n volvi\u00f3 a resonar en las \u00faltimas horas.<\/p>\n\n\n\n<p>De acuerdo a la informaci\u00f3n que trascendi\u00f3 en las \u00faltimas horas, \u201cuna mujer lo ubica a Pe\u0301rez Tierra del Fuego, en tiempo y lugar donde estaba Sofi\u0301a Herrera\u201d.<\/p>\n\n\n\n<p>\u201cLa Justicia le tomo\u0301 declaracio\u0301n a la mujer, les parecio\u0301 convincente lo que dijo, y ordeno\u0301 la muestra de ADN\u201d, informaron fuentes judiciales a este medio.<\/p>\n\n\n\n<p>El mismo se llev\u00f3 a cabo este lunes en Chaco, provincia donde la hija del ex marino vive, y ahora se estableci\u00f3 custodia del cotejo, el cual fue derivado a Buenos Aires para su an\u00e1lisis.<\/p>\n\n\n\n<p>\u201cEstuvo presente una comitiva de la Polic\u00eda de Tierra del Fuego coordinando y controlando todo lo que se haga, ma\u0301s alla\u0301 del personal de Chaco\u201d, agregaron.<\/p>\n\n\n\n<p>Acerca del resultado, precisaron que podr\u00eda reci\u00e9n darse a conocer dentro de un mes y de acuerdo a lo hallado, podr\u00eda tratarse de una revelaci\u00f3n m\u00e1s que importante para la causa Loan y Sof\u00eda.<\/p>\n\n\n\n<p>El Alerta Sof\u00eda volvi\u00f3 a resurgir estos \u00faltimos d\u00edas con la desaparici\u00f3n de Lian Flores en la provincia de C\u00f3rdoba.<\/p>\n\n\n\n<p>El programa se dio inicio en 2019 bajo el nombre de la ni\u00f1a que fue vista por \u00faltima vez cuando viaj\u00f3 con sus padres a Tierra del Fuego.<\/p>\n","protected":false},"excerpt":{"rendered":"<p>Un nuevo cap&iacute;tulo hay en el caso por la desaparici&oacute;n de Loan Danilo Pe&ntilde;a en Corrientes tras que se le haya realizado un an&aacute;lisis de ADN a la hija del detenido Carlos P&eacute;rez, despu&eacute;s que una mujer lo haya ubicado en Tierra del Fuego al momento en el que se vio por &uacute;ltima vez a [&hellip;]<\/p>\n","protected":false},"author":2,"featured_media":11745,"comment_status":"open","ping_status":"open","sticky":false,"template":"","format":"standard","meta":{"footnotes":""},"categories":[979,5,7],"tags":[4655,790,653,303,5434,702,4605,3121],"class_list":["post-11744","post","type-post","status-publish","format-standard","has-post-thumbnail","hentry","category-judiciales","category-nacionales","category-policiales","tag-adn","tag-carlos-perez","tag-chaco","tag-cordoba","tag-liam-flores","tag-loan-pena","tag-sofia-herrera","tag-tierra-del-fuego"],"_links":{"self":[{"href":"https:\/\/partediario.com.ar\/index.php?rest_route=\/wp\/v2\/posts\/11744","targetHints":{"allow":["GET"]}}],"collection":[{"href":"https:\/\/partediario.com.ar\/index.php?rest_route=\/wp\/v2\/posts"}],"about":[{"href":"https:\/\/partediario.com.ar\/index.php?rest_route=\/wp\/v2\/types\/post"}],"author":[{"embeddable":true,"href":"https:\/\/partediario.com.ar\/index.php?rest_route=\/wp\/v2\/users\/2"}],"replies":[{"embeddable":true,"href":"https:\/\/partediario.com.ar\/index.php?rest_route=%2Fwp%2Fv2%2Fcomments&post=11744"}],"version-history":[{"count":1,"href":"https:\/\/partediario.com.ar\/index.php?rest_route=\/wp\/v2\/posts\/11744\/revisions"}],"predecessor-version":[{"id":11746,"href":"https:\/\/partediario.com.ar\/index.php?rest_route=\/wp\/v2\/posts\/11744\/revisions\/11746"}],"wp:featuredmedia":[{"embeddable":true,"href":"https:\/\/partediario.com.ar\/index.php?rest_route=\/wp\/v2\/media\/11745"}],"wp:attachment":[{"href":"https:\/\/partediario.com.ar\/index.php?rest_route=%2Fwp%2Fv2%2Fmedia&parent=11744"}],"wp:term":[{"taxonomy":"category","embeddable":true,"href":"https:\/\/partediario.com.ar\/index.php?rest_route=%2Fwp%2Fv2%2Fcategories&post=11744"},{"taxonomy":"post_tag","embeddable":true,"href":"https:\/\/partediario.com.ar\/index.php?rest_route=%2Fwp%2Fv2%2Ftags&post=11744"}],"curies":[{"name":"wp","href":"https:\/\/api.w.org\/{rel}","templated":true}]}}