{"id":11756,"date":"2025-02-26T08:33:56","date_gmt":"2025-02-26T11:33:56","guid":{"rendered":"https:\/\/partediario.com.ar\/?p=11756"},"modified":"2025-02-27T16:57:05","modified_gmt":"2025-02-27T19:57:05","slug":"la-fraternidad-confirmo-que-el-sabado-1-de-marzo-no-habra-trenes-en-el-amba","status":"publish","type":"post","link":"https:\/\/partediario.com.ar\/?p=11756","title":{"rendered":"La Fraternidad confirm\u00f3 que el s\u00e1bado 1\u00b0 de marzo no habr\u00e1 trenes en el AMBA"},"content":{"rendered":"\n<h2 class=\"wp-block-heading\">La Fraternidad inform\u00f3 este martes que el pr\u00f3ximo s\u00e1bado 1\u00b0 de marzo no habr\u00e1 trenes en el \u00c1rea Metropolitana de Buenos Aires (AMBA) debido a que los conductores se tomar\u00e1n licencia en conmemoraci\u00f3n del D\u00eda del Ferroviario. La medida, que hab\u00eda sido anunciada a fines de enero, marcar\u00e1 el comienzo de un plan de lucha por reclamos salariales.<\/h2>\n\n\n\n<p>\u00abEl pr\u00f3ximo s\u00e1bado 1\u00b0 de marzo los conductores de trenes afiliados al gremio La Fraternidad, liderado por Omar Maturano, se tomar\u00e1n licencia en recuerdo del a\u00f1o 1948, cuando el general Per\u00f3n nacionaliz\u00f3 los ferrocarriles\u00bb, se\u00f1al\u00f3 el sindicato en un comunicado.<\/p>\n\n\n\n<p>L\u00edneas afectadas y duraci\u00f3n de la medida<\/p>\n\n\n\n<p>El paro afectar\u00e1 todas las l\u00edneas metropolitanas: Roca, Sarmiento, San Mart\u00edn, Belgrano, Mitre y Urquiza, justo en el primer d\u00eda del fin de semana extra largo de Carnaval. Sin embargo, el lunes y martes los servicios operar\u00e1n con normalidad, ya que la protesta no se extender\u00e1 m\u00e1s all\u00e1 del s\u00e1bado.<\/p>\n\n\n\n<p class=\"has-medium-font-size\"><strong>La postura de La Fraternidad<\/strong><\/p>\n\n\n\n<p class=\"has-medium-font-size\"><\/p>\n\n\n\n<figure class=\"wp-block-image size-full\"><img loading=\"lazy\" decoding=\"async\" width=\"509\" height=\"720\" src=\"https:\/\/partediario.com.ar\/wp-content\/uploads\/Fraternidad.webp\" alt=\"\" class=\"wp-image-11757\" srcset=\"https:\/\/partediario.com.ar\/wp-content\/uploads\/Fraternidad.webp 509w, https:\/\/partediario.com.ar\/wp-content\/uploads\/Fraternidad-212x300.webp 212w\" sizes=\"auto, (max-width: 509px) 100vw, 509px\" \/><\/figure>\n\n\n\n<p><\/p>\n\n\n\n<p>La medida hab\u00eda sido adelantada el 28 de enero, durante un paro de seis horas por mejoras salariales. Desde el gremio indicaron que cada trabajador notificar\u00e1 a la empresa su negativa a prestar servicio los feriados nacionales, en lo que consideran una nueva modalidad de protesta.<\/p>\n\n\n\n<p>\u00abNosotros no estamos extorsionando y nunca fuimos extorsionadores. Los extorsionadores son los empresarios, que aumentan los precios. Los pol\u00edticos, que imponen los aumentos por su cuenta\u00bb, destac\u00f3 Omar Maturano, secretario general del sindicato.<\/p>\n\n\n\n<p>Adem\u00e1s, critic\u00f3 la falta de avances en las negociaciones: \u00abLlevamos seis meses dialogando y no hay una propuesta seria que puedan aceptar los trabajadores. La CGT tambi\u00e9n est\u00e1 dispuesta al di\u00e1logo, pero \u00bfhasta cu\u00e1ndo vamos a seguir esperando?\u00bb, se pregunt\u00f3 el l\u00edder gremial.<\/p>\n","protected":false},"excerpt":{"rendered":"<p>La Fraternidad inform&oacute; este martes que el pr&oacute;ximo s&aacute;bado 1&deg; de marzo no habr&aacute; trenes en el &Aacute;rea Metropolitana de Buenos Aires (AMBA) debido a que los conductores se tomar&aacute;n licencia en conmemoraci&oacute;n del D&iacute;a del Ferroviario. La medida, que hab&iacute;a sido anunciada a fines de enero, marcar&aacute; el comienzo de un plan de lucha [&hellip;]<\/p>\n","protected":false},"author":2,"featured_media":11758,"comment_status":"open","ping_status":"open","sticky":false,"template":"","format":"standard","meta":{"footnotes":""},"categories":[978,5,726],"tags":[2186,5463,5462,5138,4466],"class_list":["post-11756","post","type-post","status-publish","format-standard","has-post-thumbnail","hentry","category-gremiales","category-nacionales","category-sociedad","tag-amba","tag-dia-del-ferroviario","tag-fraternidad","tag-sabado","tag-trenes"],"_links":{"self":[{"href":"https:\/\/partediario.com.ar\/index.php?rest_route=\/wp\/v2\/posts\/11756","targetHints":{"allow":["GET"]}}],"collection":[{"href":"https:\/\/partediario.com.ar\/index.php?rest_route=\/wp\/v2\/posts"}],"about":[{"href":"https:\/\/partediario.com.ar\/index.php?rest_route=\/wp\/v2\/types\/post"}],"author":[{"embeddable":true,"href":"https:\/\/partediario.com.ar\/index.php?rest_route=\/wp\/v2\/users\/2"}],"replies":[{"embeddable":true,"href":"https:\/\/partediario.com.ar\/index.php?rest_route=%2Fwp%2Fv2%2Fcomments&post=11756"}],"version-history":[{"count":1,"href":"https:\/\/partediario.com.ar\/index.php?rest_route=\/wp\/v2\/posts\/11756\/revisions"}],"predecessor-version":[{"id":11759,"href":"https:\/\/partediario.com.ar\/index.php?rest_route=\/wp\/v2\/posts\/11756\/revisions\/11759"}],"wp:featuredmedia":[{"embeddable":true,"href":"https:\/\/partediario.com.ar\/index.php?rest_route=\/wp\/v2\/media\/11758"}],"wp:attachment":[{"href":"https:\/\/partediario.com.ar\/index.php?rest_route=%2Fwp%2Fv2%2Fmedia&parent=11756"}],"wp:term":[{"taxonomy":"category","embeddable":true,"href":"https:\/\/partediario.com.ar\/index.php?rest_route=%2Fwp%2Fv2%2Fcategories&post=11756"},{"taxonomy":"post_tag","embeddable":true,"href":"https:\/\/partediario.com.ar\/index.php?rest_route=%2Fwp%2Fv2%2Ftags&post=11756"}],"curies":[{"name":"wp","href":"https:\/\/api.w.org\/{rel}","templated":true}]}}