{"id":11760,"date":"2025-02-26T08:38:34","date_gmt":"2025-02-26T11:38:34","guid":{"rendered":"https:\/\/partediario.com.ar\/?p=11760"},"modified":"2025-02-27T16:57:01","modified_gmt":"2025-02-27T19:57:01","slug":"rosatti-se-excuso-de-actuar-en-la-causa-por-irregularidades-en-la-investigacion-del-atentado-a-la-amia","status":"publish","type":"post","link":"https:\/\/partediario.com.ar\/?p=11760","title":{"rendered":"Rosatti se excus\u00f3 de actuar en la causa por irregularidades en la investigaci\u00f3n del atentado a la AMIA"},"content":{"rendered":"\n<h2 class=\"wp-block-heading\">El presidente de la Corte Suprema de Justicia, Horacio Rosatti, decidi\u00f3 excusarse de intervenir en la causa que investiga las irregularidades y delitos cometidos durante la instrucci\u00f3n del atentado contra la AMIA, ocurrido el 18 de julio de 1994 y que dej\u00f3 un saldo de 85 muertos.<\/h2>\n\n\n\n<p>El magistrado comunic\u00f3 su decisi\u00f3n de apartarse del expediente por \u201crazones de decoro y delicadeza\u201d, despu\u00e9s que el caso llegara al m\u00e1ximo tribunal d\u00edas atr\u00e1s.<\/p>\n\n\n\n<p>Rosatti fue ministro de Justicia y Derechos Humanos entre julio de 2004 y julio de 2005. En ese per\u00edodo, firm\u00f3 el decreto 812\/2005 en el que el Estado argentino reconoci\u00f3 su responsabilidad por la denegatoria de justicia y la falta de esclarecimiento del atentado. Como parte de un acuerdo firmado ante la Comisi\u00f3n Interamericana de Derechos Humanos (CIDH), el Gobierno se comprometi\u00f3 a tomar medidas para impulsar la investigaci\u00f3n, incluyendo la creaci\u00f3n de la Unidad AMIA dentro del Ministerio de Justicia y el fortalecimiento de la Unidad Fiscal Especial AMIA, entonces a cargo del fiscal Alberto Nisman.<\/p>\n\n\n\n<p>En 2006, el atentado fue declarado un delito de lesa humanidad por el juez federal Rodolfo Canicoba Corral, un criterio ratificado posteriormente en instancias superiores.<\/p>\n\n\n\n<p>La causa por las irregularidades en la investigaci\u00f3n se activ\u00f3 en 2003, cuando el Tribunal Oral Federal 3 absolvi\u00f3 a todos los acusados en el primer juicio por el ataque y denunci\u00f3 m\u00faltiples delitos cometidos durante la instrucci\u00f3n. En su fallo, el tribunal determin\u00f3 que existi\u00f3 un pago ilegal al reducidor de autos Carlos Telleld\u00edn, entonces \u00fanico detenido, a cambio de una declaraci\u00f3n en la que involucr\u00f3 a polic\u00edas bonaerenses en el atentado.<\/p>\n\n\n\n<p>Luego de esa resoluci\u00f3n, Rosatti calific\u00f3 el veredicto como un fallo \u201cmuy valiente\u201d y afirm\u00f3 que el Gobierno profundizar\u00eda las investigaciones para que los responsables de encubrimiento recibieran el castigo correspondiente.<\/p>\n\n\n\n<p>El juicio por las irregularidades, realizado entre 2015 y 2019, culmin\u00f3 con la condena del primer juez del caso, Juan Jos\u00e9 Galeano; el ex jefe de la SIDE, Hugo Anzorreguy; los ex fiscales Eamon Mullen y Jos\u00e9 Barbaccia, y el propio Telleld\u00edn, entre otros. El ex presidente Carlos Menem y otros implicados en la llamada \u201cpista siria\u201d fueron absueltos.<\/p>\n\n\n\n<p>En 2023, la C\u00e1mara Federal de Casaci\u00f3n Penal confirm\u00f3 la mayor\u00eda de las condenas por el caso, aunque modific\u00f3 algunas penas, y ratific\u00f3 la absoluci\u00f3n de Telleld\u00edn en el segundo juicio que enfrent\u00f3 por el ataque. Todas las partes apelaron para que la Corte Suprema revise la decisi\u00f3n.<\/p>\n\n\n\n<p>La investigaci\u00f3n del atentado sostiene, en base a informes de inteligencia de Argentina, Estados Unidos e Israel, que el ataque fue ordenado por el gobierno de Ir\u00e1n y ejecutado por la organizaci\u00f3n libanesa Hezbollah. La justicia argentina imput\u00f3 a varios funcionarios iran\u00edes y a un ciudadano liban\u00e9s como presuntos autores, pero ninguno se present\u00f3 ante las autoridades locales ni acept\u00f3 ser indagado. Interpol mantiene alertas rojas de captura contra algunos de ellos.<\/p>\n","protected":false},"excerpt":{"rendered":"<p>El presidente de la Corte Suprema de Justicia, Horacio Rosatti, decidi&oacute; excusarse de intervenir en la causa que investiga las irregularidades y delitos cometidos durante la instrucci&oacute;n del atentado contra la AMIA, ocurrido el 18 de julio de 1994 y que dej&oacute; un saldo de 85 muertos. El magistrado comunic&oacute; su decisi&oacute;n de apartarse del [&hellip;]<\/p>\n","protected":false},"author":2,"featured_media":11761,"comment_status":"open","ping_status":"open","sticky":false,"template":"","format":"standard","meta":{"footnotes":""},"categories":[979,5],"tags":[1019,1022,4359,5464,2123,5465],"class_list":["post-11760","post","type-post","status-publish","format-standard","has-post-thumbnail","hentry","category-judiciales","category-nacionales","tag-amia","tag-atentado","tag-causa","tag-horacio-rosatti","tag-investigacion","tag-irregularidades"],"_links":{"self":[{"href":"https:\/\/partediario.com.ar\/index.php?rest_route=\/wp\/v2\/posts\/11760","targetHints":{"allow":["GET"]}}],"collection":[{"href":"https:\/\/partediario.com.ar\/index.php?rest_route=\/wp\/v2\/posts"}],"about":[{"href":"https:\/\/partediario.com.ar\/index.php?rest_route=\/wp\/v2\/types\/post"}],"author":[{"embeddable":true,"href":"https:\/\/partediario.com.ar\/index.php?rest_route=\/wp\/v2\/users\/2"}],"replies":[{"embeddable":true,"href":"https:\/\/partediario.com.ar\/index.php?rest_route=%2Fwp%2Fv2%2Fcomments&post=11760"}],"version-history":[{"count":1,"href":"https:\/\/partediario.com.ar\/index.php?rest_route=\/wp\/v2\/posts\/11760\/revisions"}],"predecessor-version":[{"id":11762,"href":"https:\/\/partediario.com.ar\/index.php?rest_route=\/wp\/v2\/posts\/11760\/revisions\/11762"}],"wp:featuredmedia":[{"embeddable":true,"href":"https:\/\/partediario.com.ar\/index.php?rest_route=\/wp\/v2\/media\/11761"}],"wp:attachment":[{"href":"https:\/\/partediario.com.ar\/index.php?rest_route=%2Fwp%2Fv2%2Fmedia&parent=11760"}],"wp:term":[{"taxonomy":"category","embeddable":true,"href":"https:\/\/partediario.com.ar\/index.php?rest_route=%2Fwp%2Fv2%2Fcategories&post=11760"},{"taxonomy":"post_tag","embeddable":true,"href":"https:\/\/partediario.com.ar\/index.php?rest_route=%2Fwp%2Fv2%2Ftags&post=11760"}],"curies":[{"name":"wp","href":"https:\/\/api.w.org\/{rel}","templated":true}]}}