{"id":11763,"date":"2025-02-26T17:48:10","date_gmt":"2025-02-26T20:48:10","guid":{"rendered":"https:\/\/partediario.com.ar\/?p=11763"},"modified":"2025-02-27T16:56:58","modified_gmt":"2025-02-27T19:56:58","slug":"las-dos-cta-rechazaron-las-designaciones-por-decreto-de-lijo-y-garcia-mansilla-e-instaron-a-respetar-la-democracia","status":"publish","type":"post","link":"https:\/\/partediario.com.ar\/?p=11763","title":{"rendered":"Las dos CTA rechazaron las designaciones por decreto de Lijo y Garc\u00eda-Mansilla e instaron a \u00abrespetar la democracia\u00bb"},"content":{"rendered":"\n<h2 class=\"wp-block-heading\">La CTA de los Trabajadores de la Argentina y la CTA Aut\u00f3noma, rechazaron hoy las designaciones por decreto de Ariel Lijo y Manuel Garc\u00eda-Mansilla en la Corte Suprema e instaron a \u00abrespetar la democracia\u00bb.<\/h2>\n\n\n\n<p>Las dos CTA manifestaron que, con esta decisi\u00f3n, tampoco se respetan \u00ablas instituciones de la Rep\u00fablica\u00bb.<\/p>\n\n\n\n<p>En un comunicado, ambas organizaciones se\u00f1alaron que, a pesar de que los jueces hayan sido propuestos hace m\u00e1s de un a\u00f1o, la decisi\u00f3n del presidente Javier Milei \u00abesconde las verdaderas razones de por qu\u00e9 o fueron ratificados por el Senado\u00bb.<\/p>\n\n\n\n<p>Y agregaron: \u00abLijo recibi\u00f3 m\u00e1s de 30 impugnaciones a su designaci\u00f3n y Garc\u00eda-Mansilla, otras 20, suficientes razones y motivos para que se dude de su idoneidad para encabezar el primer escalaf\u00f3n judicial de la Naci\u00f3n\u00bb.<\/p>\n\n\n\n<p>\u00abEn otro acto antidemocr\u00e1tico y con toda soberbia, (Milei) decidi\u00f3 pasar por encima del parlamento e insistir con estos jueces. Dicha actitud, propia de un presidente que ataca permanente la Constituci\u00f3n Nacional y los derechos de su pueblo, agrava a\u00fan m\u00e1s la vida institucional de nuestro pa\u00eds\u00bb, apuntaron.<\/p>\n\n\n\n<p>Las centrales, a cargo de Hugo Yasky y Hugo Godoy, advirtieron a la ciudadan\u00eda y se\u00f1alaron que \u00abestamos ante una nueva degradaci\u00f3n de la convivencia democr\u00e1tica\u00bb, a la que el Poder Ejecutivo \u00abdeber\u00eda promover y respetar\u00bb pero que, en cambio, \u00abevidencia una preocupante tendencia autoritaria y a la concentraci\u00f3n del poder absoluto de la Naci\u00f3n\u00bb.<\/p>\n\n\n\n<p>Finalizando, afirmaron que ambos nombramientos \u00abson violatorios de la Constituci\u00f3n Nacional\u00bb, no \u00abrespetan la democracia\u00bby tienen como objetivo \u00abgarantizar la impunidad de Milei y su c\u00edrculo de altos funcionarios\u00bb frente al esc\u00e1ndalo desatado por el criptogate.<\/p>\n","protected":false},"excerpt":{"rendered":"<p>La CTA de los Trabajadores de la Argentina y la CTA Aut&oacute;noma, rechazaron hoy las designaciones por decreto de Ariel Lijo y Manuel Garc&iacute;a-Mansilla en la Corte Suprema e instaron a &laquo;respetar la democracia&raquo;. Las dos CTA manifestaron que, con esta decisi&oacute;n, tampoco se respetan &laquo;las instituciones de la Rep&uacute;blica&raquo;. En un comunicado, ambas organizaciones [&hellip;]<\/p>\n","protected":false},"author":2,"featured_media":11764,"comment_status":"open","ping_status":"open","sticky":false,"template":"","format":"standard","meta":{"footnotes":""},"categories":[5,176],"tags":[2725,227,1346,5467,5453,5466],"class_list":["post-11763","post","type-post","status-publish","format-standard","has-post-thumbnail","hentry","category-nacionales","category-politica","tag-ariel-lijo","tag-cta","tag-decreto","tag-designaciones","tag-manuel-garcia-mansilla","tag-rechazaron"],"_links":{"self":[{"href":"https:\/\/partediario.com.ar\/index.php?rest_route=\/wp\/v2\/posts\/11763","targetHints":{"allow":["GET"]}}],"collection":[{"href":"https:\/\/partediario.com.ar\/index.php?rest_route=\/wp\/v2\/posts"}],"about":[{"href":"https:\/\/partediario.com.ar\/index.php?rest_route=\/wp\/v2\/types\/post"}],"author":[{"embeddable":true,"href":"https:\/\/partediario.com.ar\/index.php?rest_route=\/wp\/v2\/users\/2"}],"replies":[{"embeddable":true,"href":"https:\/\/partediario.com.ar\/index.php?rest_route=%2Fwp%2Fv2%2Fcomments&post=11763"}],"version-history":[{"count":1,"href":"https:\/\/partediario.com.ar\/index.php?rest_route=\/wp\/v2\/posts\/11763\/revisions"}],"predecessor-version":[{"id":11765,"href":"https:\/\/partediario.com.ar\/index.php?rest_route=\/wp\/v2\/posts\/11763\/revisions\/11765"}],"wp:featuredmedia":[{"embeddable":true,"href":"https:\/\/partediario.com.ar\/index.php?rest_route=\/wp\/v2\/media\/11764"}],"wp:attachment":[{"href":"https:\/\/partediario.com.ar\/index.php?rest_route=%2Fwp%2Fv2%2Fmedia&parent=11763"}],"wp:term":[{"taxonomy":"category","embeddable":true,"href":"https:\/\/partediario.com.ar\/index.php?rest_route=%2Fwp%2Fv2%2Fcategories&post=11763"},{"taxonomy":"post_tag","embeddable":true,"href":"https:\/\/partediario.com.ar\/index.php?rest_route=%2Fwp%2Fv2%2Ftags&post=11763"}],"curies":[{"name":"wp","href":"https:\/\/api.w.org\/{rel}","templated":true}]}}