{"id":11769,"date":"2025-02-26T18:01:54","date_gmt":"2025-02-26T21:01:54","guid":{"rendered":"https:\/\/partediario.com.ar\/?p=11769"},"modified":"2025-02-27T16:56:50","modified_gmt":"2025-02-27T19:56:50","slug":"que-senalo-la-autopsia-de-la-nena-que-fue-arrastrada-hasta-la-muerte-por-delincuentes-en-la-plata","status":"publish","type":"post","link":"https:\/\/partediario.com.ar\/?p=11769","title":{"rendered":"Que se\u00f1al\u00f3 la autopsia de la nena que fue arrastrada hasta la muerte por delincuentes en La Plata"},"content":{"rendered":"\n<h2 class=\"wp-block-heading\">La autopsia al cuerpo de Kim G\u00f3mez, la nenita de siete a\u00f1os asesinada por dos delincuentes, de 14 y 17 a\u00f1os, en la ciudad de La Plata, precis\u00f3 que la menor falleci\u00f3 como consecuencia de las lesiones sufridas por el arrastre en el auto que robaron los ladrones durante 15 cuadras.<\/h2>\n\n\n\n<p>Fuentes judiciales indicaron que los peritos concluyeron que la ni\u00f1a tuvo un shock hipovol\u00e9mico por los graves golpes recibidos.<\/p>\n\n\n\n<p><\/p>\n\n\n\n<figure class=\"wp-block-image size-full\"><img loading=\"lazy\" decoding=\"async\" width=\"963\" height=\"720\" src=\"https:\/\/partediario.com.ar\/wp-content\/uploads\/Kim.webp\" alt=\"\" class=\"wp-image-11770\" srcset=\"https:\/\/partediario.com.ar\/wp-content\/uploads\/Kim.webp 963w, https:\/\/partediario.com.ar\/wp-content\/uploads\/Kim-300x224.webp 300w, https:\/\/partediario.com.ar\/wp-content\/uploads\/Kim-768x574.webp 768w\" sizes=\"auto, (max-width: 963px) 100vw, 963px\" \/><\/figure>\n\n\n\n<p><\/p>\n\n\n\n<p>Uno de los ladrones detenidos dijo que intentaron arrojar a la menor del auto e indic\u00f3 que quisieron tirarla por la ventana.<\/p>\n\n\n\n<p>Ahora la fiscal Carmen Ibarra deber\u00e1 decidir que ocurrir\u00e1 con ambos implicados, el informe forense se incorpor\u00f3 al expediente.<\/p>\n\n\n\n<p>Se realiza por estas horas, una multitudinaria marcha para la tarde, la misma concluir\u00e1 en Plaza Moreno (12 entre 51 y 53), estar\u00e1 presente el padre de Kim y se pidi\u00f3 llevar una vela encendida como ofrenda.<\/p>\n","protected":false},"excerpt":{"rendered":"<p>La autopsia al cuerpo de Kim G&oacute;mez, la nenita de siete a&ntilde;os asesinada por dos delincuentes, de 14 y 17 a&ntilde;os, en la ciudad de La Plata, precis&oacute; que la menor falleci&oacute; como consecuencia de las lesiones sufridas por el arrastre en el auto que robaron los ladrones durante 15 cuadras. Fuentes judiciales indicaron que [&hellip;]<\/p>\n","protected":false},"author":2,"featured_media":11771,"comment_status":"open","ping_status":"open","sticky":false,"template":"","format":"standard","meta":{"footnotes":""},"categories":[5,7],"tags":[5471,5469,2929],"class_list":["post-11769","post","type-post","status-publish","format-standard","has-post-thumbnail","hentry","category-nacionales","category-policiales","tag-asesinada","tag-kim-gomez","tag-la-plata"],"_links":{"self":[{"href":"https:\/\/partediario.com.ar\/index.php?rest_route=\/wp\/v2\/posts\/11769","targetHints":{"allow":["GET"]}}],"collection":[{"href":"https:\/\/partediario.com.ar\/index.php?rest_route=\/wp\/v2\/posts"}],"about":[{"href":"https:\/\/partediario.com.ar\/index.php?rest_route=\/wp\/v2\/types\/post"}],"author":[{"embeddable":true,"href":"https:\/\/partediario.com.ar\/index.php?rest_route=\/wp\/v2\/users\/2"}],"replies":[{"embeddable":true,"href":"https:\/\/partediario.com.ar\/index.php?rest_route=%2Fwp%2Fv2%2Fcomments&post=11769"}],"version-history":[{"count":1,"href":"https:\/\/partediario.com.ar\/index.php?rest_route=\/wp\/v2\/posts\/11769\/revisions"}],"predecessor-version":[{"id":11772,"href":"https:\/\/partediario.com.ar\/index.php?rest_route=\/wp\/v2\/posts\/11769\/revisions\/11772"}],"wp:featuredmedia":[{"embeddable":true,"href":"https:\/\/partediario.com.ar\/index.php?rest_route=\/wp\/v2\/media\/11771"}],"wp:attachment":[{"href":"https:\/\/partediario.com.ar\/index.php?rest_route=%2Fwp%2Fv2%2Fmedia&parent=11769"}],"wp:term":[{"taxonomy":"category","embeddable":true,"href":"https:\/\/partediario.com.ar\/index.php?rest_route=%2Fwp%2Fv2%2Fcategories&post=11769"},{"taxonomy":"post_tag","embeddable":true,"href":"https:\/\/partediario.com.ar\/index.php?rest_route=%2Fwp%2Fv2%2Ftags&post=11769"}],"curies":[{"name":"wp","href":"https:\/\/api.w.org\/{rel}","templated":true}]}}