{"id":11773,"date":"2025-02-26T18:06:29","date_gmt":"2025-02-26T21:06:29","guid":{"rendered":"https:\/\/partediario.com.ar\/?p=11773"},"modified":"2025-02-27T16:56:46","modified_gmt":"2025-02-27T19:56:46","slug":"el-vaticano-informa-que-las-condiciones-del-papa-mejoran-y-la-insuficiencia-renal-ha-remitido","status":"publish","type":"post","link":"https:\/\/partediario.com.ar\/?p=11773","title":{"rendered":"El Vaticano informa que: \u00abLas condiciones del Papa mejoran y la insuficiencia renal ha remitido\u00bb"},"content":{"rendered":"\n<h2 class=\"wp-block-heading\">Las condiciones cl\u00ednicas del papa Francisco mejoraron y \u00abla insuficiencia renal ha remitido\u00bb, mientras que \u00abel pron\u00f3stico contin\u00faa siendo reservado\u00bb, dio a conocer hoy el Vaticano.<\/h2>\n\n\n\n<p>La Oficina de Prensa de la Santa Sede se\u00f1al\u00f3 que \u00abla tomograf\u00eda computarizada de t\u00f3rax mostr\u00f3 una evoluci\u00f3n normal de la inflamaci\u00f3n pulmonar\u00bb.<\/p>\n\n\n\n<p>En este marco, el sitio Vatican News a\u00f1adi\u00f3 que: \u00abLos an\u00e1lisis de sangre y las pruebas hematol\u00f3gicas de hoy confirmaron la mejor\u00eda de ayer\u00bb.<\/p>\n\n\n\n<p>El Sumo Pont\u00edfice, de 88 a\u00f1os, contin\u00faa con la \u00aboxigenoterapia de alto flujo\u00bb y \u00abtampoco ha presentado crisis respiratoria asm\u00e1tica\u00bb, destaca el parte m\u00e9dico.<\/p>\n\n\n\n<p>\u00abAunque hay una ligera mejor\u00eda, el pron\u00f3stico sigue siendo reservado. Por la ma\u00f1ana, el Santo Padre recibi\u00f3 la Eucarist\u00eda. En la tarde, estuvo dedicado a actividades laborales\u00bb, finaliz\u00f3 el informe difundido por el Vaticano.<\/p>\n\n\n\n<p>Jorge Bergoglio se encuentra internado desde el 14 de febrero en el Policl\u00ednico Gemelli de Roma por una neumon\u00eda bilateral.<\/p>\n\n\n\n<p>En el bolet\u00edn m\u00e9dico publicado en la ma\u00f1ana de este mi\u00e9rcoles, se supo que Francisco pas\u00f3 una \u00abnoche tranquila\u00bb.<\/p>\n\n\n\n<p>Anoche, la entidad indic\u00f3 que \u00abEl estado cl\u00ednico del Santo Padre sigue siendo cr\u00edtico pero estable. No se han producido episodios respiratorios agudos y los par\u00e1metros hemodin\u00e1micos contin\u00faan estables\u00bb.<\/p>\n\n\n\n<p>Durante el fin de semana, el Papa padeci\u00f3 una crisis respiratoria asma\u0301tica y una trombocitopenia (un nivel bajo de plaquetas).<\/p>\n\n\n\n<p>En tanto, el cardenal Baldo Reina, vicario para la di\u00f3cesis de Roma, presidi\u00f3 la misa en el Gemelli, donde Francisco se encuentra hospitalizado hace 12 d\u00edas.<\/p>\n\n\n\n<p>\u00abEs hermoso experimentar este poder de la oraci\u00f3n\u00bb, se\u00f1al\u00f3 el sacerdote durante la ceremonia, y acot\u00f3: \u00abEn particular, en torno a nuestro Obispo, pedimos que el Se\u00f1or le devuelva la salud lo antes posible y le permita seguir guiando a su Santa Iglesia\u00bb.<\/p>\n","protected":false},"excerpt":{"rendered":"<p>Las condiciones cl&iacute;nicas del papa Francisco mejoraron y &laquo;la insuficiencia renal ha remitido&raquo;, mientras que &laquo;el pron&oacute;stico contin&uacute;a siendo reservado&raquo;, dio a conocer hoy el Vaticano. La Oficina de Prensa de la Santa Sede se&ntilde;al&oacute; que &laquo;la tomograf&iacute;a computarizada de t&oacute;rax mostr&oacute; una evoluci&oacute;n normal de la inflamaci&oacute;n pulmonar&raquo;. En este marco, el sitio Vatican [&hellip;]<\/p>\n","protected":false},"author":2,"featured_media":11774,"comment_status":"open","ping_status":"open","sticky":false,"template":"","format":"standard","meta":{"footnotes":""},"categories":[9,726],"tags":[5380,336,306],"class_list":["post-11773","post","type-post","status-publish","format-standard","has-post-thumbnail","hentry","category-internacionales","category-sociedad","tag-mejoria","tag-papa-francisco","tag-salud"],"_links":{"self":[{"href":"https:\/\/partediario.com.ar\/index.php?rest_route=\/wp\/v2\/posts\/11773","targetHints":{"allow":["GET"]}}],"collection":[{"href":"https:\/\/partediario.com.ar\/index.php?rest_route=\/wp\/v2\/posts"}],"about":[{"href":"https:\/\/partediario.com.ar\/index.php?rest_route=\/wp\/v2\/types\/post"}],"author":[{"embeddable":true,"href":"https:\/\/partediario.com.ar\/index.php?rest_route=\/wp\/v2\/users\/2"}],"replies":[{"embeddable":true,"href":"https:\/\/partediario.com.ar\/index.php?rest_route=%2Fwp%2Fv2%2Fcomments&post=11773"}],"version-history":[{"count":1,"href":"https:\/\/partediario.com.ar\/index.php?rest_route=\/wp\/v2\/posts\/11773\/revisions"}],"predecessor-version":[{"id":11775,"href":"https:\/\/partediario.com.ar\/index.php?rest_route=\/wp\/v2\/posts\/11773\/revisions\/11775"}],"wp:featuredmedia":[{"embeddable":true,"href":"https:\/\/partediario.com.ar\/index.php?rest_route=\/wp\/v2\/media\/11774"}],"wp:attachment":[{"href":"https:\/\/partediario.com.ar\/index.php?rest_route=%2Fwp%2Fv2%2Fmedia&parent=11773"}],"wp:term":[{"taxonomy":"category","embeddable":true,"href":"https:\/\/partediario.com.ar\/index.php?rest_route=%2Fwp%2Fv2%2Fcategories&post=11773"},{"taxonomy":"post_tag","embeddable":true,"href":"https:\/\/partediario.com.ar\/index.php?rest_route=%2Fwp%2Fv2%2Ftags&post=11773"}],"curies":[{"name":"wp","href":"https:\/\/api.w.org\/{rel}","templated":true}]}}