{"id":11792,"date":"2025-02-27T16:20:38","date_gmt":"2025-02-27T19:20:38","guid":{"rendered":"https:\/\/partediario.com.ar\/?p=11792"},"modified":"2025-03-01T12:05:57","modified_gmt":"2025-03-01T15:05:57","slug":"empresarios-estadounidenses-cuestionaron-las-designaciones-por-decreto-de-jueces-de-la-corte","status":"publish","type":"post","link":"https:\/\/partediario.com.ar\/?p=11792","title":{"rendered":"Empresarios estadounidenses cuestionaron las designaciones por decreto de jueces de la Corte"},"content":{"rendered":"\n<h2 class=\"wp-block-heading\">La C\u00e1mara de Comercio de Estados Unidos en la Argentina (AmCham Argentina), consider\u00f3 que la designaci\u00f3n extraordinaria y transitoria de jueces a la Corte Suprema representa un riesgo potencial para la seguridad jur\u00eddica y el equilibrio institucional en Argentina.<\/h2>\n\n\n\n<p>Sin embargo, el Director Ejecutivo de la entidad, Alejandro D\u00edaz, aclar\u00f3 que \u00abno es un cuestionamiento\u201d sino que \u201ces una alerta\u00bb.<\/p>\n\n\n\n<p>En declaraciones radiales alert\u00f3 que \u00abno es un an\u00e1lisis de los candidatos sino de las formas y del decreto\u00bb.<\/p>\n\n\n\n<p>\u00abYendo en la direcci\u00f3n correcta como estamos yendo, vale la pena continuar con la discusi\u00f3n en el senado\u00bb, remarc\u00f3 el Director Ejecutivo.<\/p>\n\n\n\n<p>D\u00edaz enfatiz\u00f3 que \u00able pedimos la mayor responsabilidad al Senado para que acompa\u00f1e el proceso y no se retrase otros nueve meses\u00bb.<\/p>\n\n\n\n<p>\u00abNuestra opini\u00f3n est\u00e1 basada en las empresas que integran nuestra organizaci\u00f3n, no en lo que dice estados unidos, aunque tengamos un di\u00e1logo constante\u00bb, agreg\u00f3.<\/p>\n\n\n\n<p>AmCham hab\u00eda expresado ayer en un comunicado baj\u00f3 el t\u00edtulo \u201cInstitucionalidad y seguridad jur\u00eddica: claves para la competitividad\u201d, que, \u201csi bien la Constituci\u00f3n contempla este mecanismo extraordinario, la designaci\u00f3n transitoria de magistrados sin la aprobaci\u00f3n del Senado podr\u00eda \u00abdebilitar la estabilidad judicial y erosionar la confianza en las decisiones de la Corte\u00bb.<\/p>\n\n\n\n<p>En el texto se indic\u00f3 que \u00abla imprevisibilidad institucional y la falta de reglas claras\u00bb pueden \u00abafectar negativamente el clima de negocios\u00bb, alejando las inversiones necesarias para el desarrollo econ\u00f3mico del pa\u00eds.<\/p>\n\n\n\n<p>La C\u00e1mara enfatiz\u00f3 la importancia de la \u00abseguridad jur\u00eddica como pilar fundamental para la competitividad y el crecimiento sostenido de Argentina\u00bb.<\/p>\n\n\n\n<p>AmCham Argentina inst\u00f3 al Senado a asumir su responsabilidad y tratar los nombramientos propuestos por el Ejecutivo dentro de plazos razonables, ya sea para aprobarlos o rechazarlos.<\/p>\n\n\n\n<p>La organizaci\u00f3n consider\u00f3 que \u00abArgentina necesita previsibilidad y seguridad jur\u00eddica\u00bb para construir un futuro de desarrollo y consolidarse como una naci\u00f3n competitiva.<\/p>\n","protected":false},"excerpt":{"rendered":"<p>La C&aacute;mara de Comercio de Estados Unidos en la Argentina (AmCham Argentina), consider&oacute; que la designaci&oacute;n extraordinaria y transitoria de jueces a la Corte Suprema representa un riesgo potencial para la seguridad jur&iacute;dica y el equilibrio institucional en Argentina. Sin embargo, el Director Ejecutivo de la entidad, Alejandro D&iacute;az, aclar&oacute; que &laquo;no es un cuestionamiento&rdquo; [&hellip;]<\/p>\n","protected":false},"author":2,"featured_media":11793,"comment_status":"open","ping_status":"open","sticky":false,"template":"","format":"standard","meta":{"footnotes":""},"categories":[5,176],"tags":[5482,5481,1710,833,1346,1496,5479,5480],"class_list":["post-11792","post","type-post","status-publish","format-standard","has-post-thumbnail","hentry","category-nacionales","category-politica","tag-alejandro-diaz","tag-amcham-argentina","tag-corte","tag-critica","tag-decreto","tag-empresarios","tag-estadounidenses","tag-jueces"],"_links":{"self":[{"href":"https:\/\/partediario.com.ar\/index.php?rest_route=\/wp\/v2\/posts\/11792","targetHints":{"allow":["GET"]}}],"collection":[{"href":"https:\/\/partediario.com.ar\/index.php?rest_route=\/wp\/v2\/posts"}],"about":[{"href":"https:\/\/partediario.com.ar\/index.php?rest_route=\/wp\/v2\/types\/post"}],"author":[{"embeddable":true,"href":"https:\/\/partediario.com.ar\/index.php?rest_route=\/wp\/v2\/users\/2"}],"replies":[{"embeddable":true,"href":"https:\/\/partediario.com.ar\/index.php?rest_route=%2Fwp%2Fv2%2Fcomments&post=11792"}],"version-history":[{"count":1,"href":"https:\/\/partediario.com.ar\/index.php?rest_route=\/wp\/v2\/posts\/11792\/revisions"}],"predecessor-version":[{"id":11794,"href":"https:\/\/partediario.com.ar\/index.php?rest_route=\/wp\/v2\/posts\/11792\/revisions\/11794"}],"wp:featuredmedia":[{"embeddable":true,"href":"https:\/\/partediario.com.ar\/index.php?rest_route=\/wp\/v2\/media\/11793"}],"wp:attachment":[{"href":"https:\/\/partediario.com.ar\/index.php?rest_route=%2Fwp%2Fv2%2Fmedia&parent=11792"}],"wp:term":[{"taxonomy":"category","embeddable":true,"href":"https:\/\/partediario.com.ar\/index.php?rest_route=%2Fwp%2Fv2%2Fcategories&post=11792"},{"taxonomy":"post_tag","embeddable":true,"href":"https:\/\/partediario.com.ar\/index.php?rest_route=%2Fwp%2Fv2%2Ftags&post=11792"}],"curies":[{"name":"wp","href":"https:\/\/api.w.org\/{rel}","templated":true}]}}