{"id":11795,"date":"2025-02-27T16:29:55","date_gmt":"2025-02-27T19:29:55","guid":{"rendered":"https:\/\/partediario.com.ar\/?p=11795"},"modified":"2025-03-01T12:05:53","modified_gmt":"2025-03-01T15:05:53","slug":"el-bid-reitero-su-apoyo-a-la-argentina","status":"publish","type":"post","link":"https:\/\/partediario.com.ar\/?p=11795","title":{"rendered":"El BID reiter\u00f3 su apoyo a la Argentina"},"content":{"rendered":"\n<h2 class=\"wp-block-heading\">El Banco Interamericano de Desarrollo (BID) ratific\u00f3 hoy que brindar\u00e1 apoyo financiero al gobierno de Javier Milei en 2025 y respald\u00f3 el ingreso del pa\u00eds a la OCDE.<\/h2>\n\n\n\n<p>\u201cNuestro programa para 2025 incluye operaciones que consolidan la gesti\u00f3n fiscal, impulsan reformas para la competitividad del sector privado y apoyan al Plan Estrat\u00e9gico para jubilados y pensionistas\u201d, indic\u00f3 el titular de la entidad, Ilan Goldfajn.<\/p>\n\n\n\n<p>Goldfajn asegur\u00f3 que \u201cdesde BID estamos listos para respaldar la adhesi\u00f3n de la Argentina a la OCDE\u201d.<\/p>\n\n\n\n<p>El presidente del BID ofreci\u00f3 declaraciones este jueves luego de reunirse con el secretario de Finanzas, Pablo Quirno, en el marco de la Reuni\u00f3n del G20 que se est\u00e1 desarrollando en Ciudad del Cabo, Sud\u00e1frica.<\/p>\n\n\n\n<p>Cabe recordar que el presidente, Javier Milei, le orden\u00f3 al ministro de Econom\u00eda, Luis Caputo, que no participe del encuentro para alinearse con su par de los Estados Unidos, Donald Trump, que boicote\u00f3 el encuentro por disidencias con el pa\u00eds anfitri\u00f3n.<\/p>\n","protected":false},"excerpt":{"rendered":"<p>El Banco Interamericano de Desarrollo (BID) ratific&oacute; hoy que brindar&aacute; apoyo financiero al gobierno de Javier Milei en 2025 y respald&oacute; el ingreso del pa&iacute;s a la OCDE. &ldquo;Nuestro programa para 2025 incluye operaciones que consolidan la gesti&oacute;n fiscal, impulsan reformas para la competitividad del sector privado y apoyan al Plan Estrat&eacute;gico para jubilados y [&hellip;]<\/p>\n","protected":false},"author":2,"featured_media":11796,"comment_status":"open","ping_status":"open","sticky":false,"template":"","format":"standard","meta":{"footnotes":""},"categories":[5,176],"tags":[309,1082,5483,2906,232,792,2905],"class_list":["post-11795","post","type-post","status-publish","format-standard","has-post-thumbnail","hentry","category-nacionales","category-politica","tag-apoyo","tag-bid","tag-ilan-goldfajn","tag-ingreso","tag-javier-milei","tag-luis-caputo","tag-ocde"],"_links":{"self":[{"href":"https:\/\/partediario.com.ar\/index.php?rest_route=\/wp\/v2\/posts\/11795","targetHints":{"allow":["GET"]}}],"collection":[{"href":"https:\/\/partediario.com.ar\/index.php?rest_route=\/wp\/v2\/posts"}],"about":[{"href":"https:\/\/partediario.com.ar\/index.php?rest_route=\/wp\/v2\/types\/post"}],"author":[{"embeddable":true,"href":"https:\/\/partediario.com.ar\/index.php?rest_route=\/wp\/v2\/users\/2"}],"replies":[{"embeddable":true,"href":"https:\/\/partediario.com.ar\/index.php?rest_route=%2Fwp%2Fv2%2Fcomments&post=11795"}],"version-history":[{"count":1,"href":"https:\/\/partediario.com.ar\/index.php?rest_route=\/wp\/v2\/posts\/11795\/revisions"}],"predecessor-version":[{"id":11797,"href":"https:\/\/partediario.com.ar\/index.php?rest_route=\/wp\/v2\/posts\/11795\/revisions\/11797"}],"wp:featuredmedia":[{"embeddable":true,"href":"https:\/\/partediario.com.ar\/index.php?rest_route=\/wp\/v2\/media\/11796"}],"wp:attachment":[{"href":"https:\/\/partediario.com.ar\/index.php?rest_route=%2Fwp%2Fv2%2Fmedia&parent=11795"}],"wp:term":[{"taxonomy":"category","embeddable":true,"href":"https:\/\/partediario.com.ar\/index.php?rest_route=%2Fwp%2Fv2%2Fcategories&post=11795"},{"taxonomy":"post_tag","embeddable":true,"href":"https:\/\/partediario.com.ar\/index.php?rest_route=%2Fwp%2Fv2%2Ftags&post=11795"}],"curies":[{"name":"wp","href":"https:\/\/api.w.org\/{rel}","templated":true}]}}