{"id":11798,"date":"2025-02-27T16:34:12","date_gmt":"2025-02-27T19:34:12","guid":{"rendered":"https:\/\/partediario.com.ar\/?p=11798"},"modified":"2025-03-01T12:05:47","modified_gmt":"2025-03-01T15:05:47","slug":"frederic-pide-prevenir-la-criminalidad-ademas-de-endurecer-penas-a-menores-tras-el-asesinato-de-kim-gomez","status":"publish","type":"post","link":"https:\/\/partediario.com.ar\/?p=11798","title":{"rendered":"Frederic pide \u00abprevenir\u00bb la criminalidad, adem\u00e1s de endurecer penas a menores, tras el asesinato de Kim G\u00f3mez"},"content":{"rendered":"\n<h2 class=\"wp-block-heading\">La ex ministra de Seguridad expres\u00f3 que los dos menores de 14 y 17 a\u00f1os detenidos por el crimen de la ni\u00f1a Kim G\u00f3mez, tienen que \u201cser condenados\u201d, pero se pregunt\u00f3 qu\u00e9 hace la sociedad para \u201cprevenir estos hechos\u201d.<\/h2>\n\n\n\n<p>La ex ministra de Seguridad de la Naci\u00f3n, Sabina Frederic, asegur\u00f3 hoy que los dos menores de 14 y 17 a\u00f1os detenidos por el crimen de la ni\u00f1a Kim G\u00f3mez, tienen que \u201cser condenados\u201d, pero se pregunt\u00f3 qu\u00e9 est\u00e1 haciendo la sociedad para \u201cprevenir estos hechos\u201d.<\/p>\n\n\n\n<p>\u201cFue horroroso, espantoso\u201d, se\u00f1al\u00f3 Frederic sobre el asesinato de la ni\u00f1a de 7 a\u00f1os en la ciudad de La Plata, pero tras considerar \u201cnecesario\u201d que haya penas m\u00e1s duras, y alert\u00f3 que no se est\u00e1n haciendo \u201cotras cosas que tienen impacto para prevenir los hechos criminales\u201d.<\/p>\n\n\n\n<p>En declaraciones radiales la ex funcionaria del Gobierno de Alberto Fern\u00e1ndez se\u00f1al\u00f3 que en los \u00faltimos 25 a\u00f1os \u201clas penas se endurecieron y se van a endurecer a\u00fan m\u00e1s, pero eso no va a frenar la situaci\u00f3n\u201d, porque adolescentes como los dos detenidos por el asesinato \u201cya est\u00e1n quemados por la droga\u201d.<\/p>\n\n\n\n<p>Record\u00f3 que el crimen de Axel Bloomberg, secuestrado y asesinado en 2004, y dijo que a partir de all\u00ed \u201cse fueron endureciendo las penas\u201d, y subray\u00f3 que, si bien \u201cbaj\u00f3 la tasa de homicidios en los \u00faltimos 10 a\u00f1os, no bajaron los hechos delictivos\u201d.<\/p>\n\n\n\n<p>\u201cEsta disputa entre garantismo y mano dura es rid\u00edcula -sostuvo Frederic- porque hay que aplicar distintas cosas para distintas situaciones y lo que no estamos haciendo es un trabajo de prevenci\u00f3n\u201d.<\/p>\n\n\n\n<p>A modo de ejemplo indic\u00f3 que \u201chay un problema en la provincia de Buenos Aires que es el ausentismo escolar. Los chicos no van a la escuela y tienen padres que no los mandan. Esos chicos son potenciales (criminales) que van a terminar cometiendo estos hechos\u201d, asever\u00f3.<\/p>\n\n\n\n<p>\u201cEsos chicos (por los asesinos de Kim G\u00f3mez) est\u00e1n quemados, porque el \u2018paco\u2019 les quema el cerebro, no tienen sensibilidad, y no tienen donde ser atendidos\u201d, dijo y alert\u00f3 que sin prevenci\u00f3n \u201cestas cosas escalan y terminan de la peor manera\u201d.<\/p>\n","protected":false},"excerpt":{"rendered":"<p>La ex ministra de Seguridad expres&oacute; que los dos menores de 14 y 17 a&ntilde;os detenidos por el crimen de la ni&ntilde;a Kim G&oacute;mez, tienen que &ldquo;ser condenados&rdquo;, pero se pregunt&oacute; qu&eacute; hace la sociedad para &ldquo;prevenir estos hechos&rdquo;. La ex ministra de Seguridad de la Naci&oacute;n, Sabina Frederic, asegur&oacute; hoy que los dos menores [&hellip;]<\/p>\n","protected":false},"author":2,"featured_media":11799,"comment_status":"open","ping_status":"open","sticky":false,"template":"","format":"standard","meta":{"footnotes":""},"categories":[5,7],"tags":[517,5469,5484],"class_list":["post-11798","post","type-post","status-publish","format-standard","has-post-thumbnail","hentry","category-nacionales","category-policiales","tag-alberto-fernandez","tag-kim-gomez","tag-sabina-frederic"],"_links":{"self":[{"href":"https:\/\/partediario.com.ar\/index.php?rest_route=\/wp\/v2\/posts\/11798","targetHints":{"allow":["GET"]}}],"collection":[{"href":"https:\/\/partediario.com.ar\/index.php?rest_route=\/wp\/v2\/posts"}],"about":[{"href":"https:\/\/partediario.com.ar\/index.php?rest_route=\/wp\/v2\/types\/post"}],"author":[{"embeddable":true,"href":"https:\/\/partediario.com.ar\/index.php?rest_route=\/wp\/v2\/users\/2"}],"replies":[{"embeddable":true,"href":"https:\/\/partediario.com.ar\/index.php?rest_route=%2Fwp%2Fv2%2Fcomments&post=11798"}],"version-history":[{"count":1,"href":"https:\/\/partediario.com.ar\/index.php?rest_route=\/wp\/v2\/posts\/11798\/revisions"}],"predecessor-version":[{"id":11800,"href":"https:\/\/partediario.com.ar\/index.php?rest_route=\/wp\/v2\/posts\/11798\/revisions\/11800"}],"wp:featuredmedia":[{"embeddable":true,"href":"https:\/\/partediario.com.ar\/index.php?rest_route=\/wp\/v2\/media\/11799"}],"wp:attachment":[{"href":"https:\/\/partediario.com.ar\/index.php?rest_route=%2Fwp%2Fv2%2Fmedia&parent=11798"}],"wp:term":[{"taxonomy":"category","embeddable":true,"href":"https:\/\/partediario.com.ar\/index.php?rest_route=%2Fwp%2Fv2%2Fcategories&post=11798"},{"taxonomy":"post_tag","embeddable":true,"href":"https:\/\/partediario.com.ar\/index.php?rest_route=%2Fwp%2Fv2%2Ftags&post=11798"}],"curies":[{"name":"wp","href":"https:\/\/api.w.org\/{rel}","templated":true}]}}