{"id":11802,"date":"2025-02-27T16:38:56","date_gmt":"2025-02-27T19:38:56","guid":{"rendered":"https:\/\/partediario.com.ar\/?p=11802"},"modified":"2025-03-01T12:05:42","modified_gmt":"2025-03-01T15:05:42","slug":"giro-en-la-causa-por-los-crimenes-de-paloma-y-josue","status":"publish","type":"post","link":"https:\/\/partediario.com.ar\/?p=11802","title":{"rendered":"\u00bfGiro en la causa por los cr\u00edmenes de Paloma y Josu\u00e9?"},"content":{"rendered":"\n<h2 class=\"wp-block-heading\">Una confesi\u00f3n de las \u00faltimas horas en el caso por los cr\u00edmenes de Paloma y Josu\u00e9 en Florencio Varela podr\u00eda darle un giro de 360 grados a la causa despu\u00e9s que se haya confirmado que la persona que andaba en bicicleta era el hermano de la adolescente y que la familia sospechaba que ambos ten\u00edan una relaci\u00f3n, pese a que lo negaron.<\/h2>\n\n\n\n<p>Seg\u00fan se supo, el hermano de Paloma, Santiago Gallardo, confes\u00f3 en su declaraci\u00f3n de esta semana ser quien pas\u00f3 con su bicicleta por al lado de los chicos minutos antes de ser asesinados.<\/p>\n\n\n\n<p>En la imagen de una c\u00e1mara de seguridad se observa que los menores iban agarrados de las manos, hasta que el chico pas\u00f3 y se soltaron, en clara se\u00f1al que ocultaban su relaci\u00f3n.<\/p>\n\n\n\n<p>Esto se relaciona a la prueba que demostr\u00f3 que el celular de la chica ten\u00eda GPS y que cada cierto tiempo sus padres observaban los movimientos de la menor.<\/p>\n\n\n\n<p>Desde un comienzo el asesinato se centr\u00f3 en un auto gris que tambi\u00e9n circul\u00f3 por el lugar segundos antes del triste final, pero por el momento ese veh\u00edculo estar\u00eda descartado de la causa.<\/p>\n\n\n\n<p>Este dato aportado a la Justicia, podr\u00eda darle un giro sorpresivo a la causa, debido a que la declaraci\u00f3n del joven desmiente que no sab\u00edan que los chicos eran novios. Adem\u00e1s, genera estupor debido a que pas\u00f3 por al lado de ellos antes de sus cr\u00edmenes.<\/p>\n\n\n\n<p>La declaraci\u00f3n de Santiago, junto con la del t\u00edo de Paloma, ocurri\u00f3 el lunes por la ma\u00f1ana ante el fiscal Dar\u00edo Provisionato, tras el pedido del abogado de la familia de Josu\u00e9, Carlos Dieguez.<\/p>\n","protected":false},"excerpt":{"rendered":"<p>Una confesi&oacute;n de las &uacute;ltimas horas en el caso por los cr&iacute;menes de Paloma y Josu&eacute; en Florencio Varela podr&iacute;a darle un giro de 360 grados a la causa despu&eacute;s que se haya confirmado que la persona que andaba en bicicleta era el hermano de la adolescente y que la familia sospechaba que ambos ten&iacute;an [&hellip;]<\/p>\n","protected":false},"author":2,"featured_media":11680,"comment_status":"open","ping_status":"open","sticky":false,"template":"","format":"standard","meta":{"footnotes":""},"categories":[979,5,7],"tags":[4359,5296,5177,5485,5486,5295,5297],"class_list":["post-11802","post","type-post","status-publish","format-standard","has-post-thumbnail","hentry","category-judiciales","category-nacionales","category-policiales","tag-causa","tag-crimen","tag-florencio-varela","tag-giro","tag-hermano","tag-josue","tag-paloma"],"_links":{"self":[{"href":"https:\/\/partediario.com.ar\/index.php?rest_route=\/wp\/v2\/posts\/11802","targetHints":{"allow":["GET"]}}],"collection":[{"href":"https:\/\/partediario.com.ar\/index.php?rest_route=\/wp\/v2\/posts"}],"about":[{"href":"https:\/\/partediario.com.ar\/index.php?rest_route=\/wp\/v2\/types\/post"}],"author":[{"embeddable":true,"href":"https:\/\/partediario.com.ar\/index.php?rest_route=\/wp\/v2\/users\/2"}],"replies":[{"embeddable":true,"href":"https:\/\/partediario.com.ar\/index.php?rest_route=%2Fwp%2Fv2%2Fcomments&post=11802"}],"version-history":[{"count":1,"href":"https:\/\/partediario.com.ar\/index.php?rest_route=\/wp\/v2\/posts\/11802\/revisions"}],"predecessor-version":[{"id":11803,"href":"https:\/\/partediario.com.ar\/index.php?rest_route=\/wp\/v2\/posts\/11802\/revisions\/11803"}],"wp:featuredmedia":[{"embeddable":true,"href":"https:\/\/partediario.com.ar\/index.php?rest_route=\/wp\/v2\/media\/11680"}],"wp:attachment":[{"href":"https:\/\/partediario.com.ar\/index.php?rest_route=%2Fwp%2Fv2%2Fmedia&parent=11802"}],"wp:term":[{"taxonomy":"category","embeddable":true,"href":"https:\/\/partediario.com.ar\/index.php?rest_route=%2Fwp%2Fv2%2Fcategories&post=11802"},{"taxonomy":"post_tag","embeddable":true,"href":"https:\/\/partediario.com.ar\/index.php?rest_route=%2Fwp%2Fv2%2Ftags&post=11802"}],"curies":[{"name":"wp","href":"https:\/\/api.w.org\/{rel}","templated":true}]}}